{"id":43509,"date":"2024-08-06T08:01:46","date_gmt":"2024-08-06T13:01:46","guid":{"rendered":"https:\/\/politicosaldesnudo.com.mx\/?p=43509"},"modified":"2024-08-06T08:01:46","modified_gmt":"2024-08-06T13:01:46","slug":"el-boj-se-mostro-restrictivo","status":"publish","type":"post","link":"https:\/\/politicosaldesnudo.com.mx\/index.php\/2024\/08\/06\/el-boj-se-mostro-restrictivo\/","title":{"rendered":"El BOJ se mostr\u00f3 restrictivo"},"content":{"rendered":"<p><span style=\"font-size: 14pt;\">Al menos dos de los nueve miembros de la junta del Banco de Jap\u00f3n (BOJ, por su sigla en ingl\u00e9s) pidieron un pronto aumento de las tasas de inter\u00e9s en la reuni\u00f3n de pol\u00edtica monetaria celebrada en junio, seg\u00fan las actas publicadas, lo que subraya la tendencia de l\u00ednea dura del banco central, que deja margen para nuevas alzas en el futuro.<\/span><\/p>\n<p><span style=\"font-size: 14pt;\">Al menos dos de los nueve miembros de la junta del Banco de Jap\u00f3n (BOJ, por su sigla en ingl\u00e9s) pidieron un pronto aumento de las tasas de inter\u00e9s en la reuni\u00f3n de pol\u00edtica monetaria celebrada en junio, seg\u00fan las actas publicadas ayer 5 de agosto, lo que subraya la tendencia de l\u00ednea dura del banco central, que deja margen para nuevas alzas en el futuro.<\/span><\/p>\n<p><span style=\"font-size: 14pt;\">\u201cLos miembros estuvieron de acuerdo en que las recientes ca\u00eddas del yen se encontraban entre los factores que impulsan la inflaci\u00f3n y que deben ser objeto de especial atenci\u00f3n en la orientaci\u00f3n de la pol\u00edtica monetaria\u201d, mostraron las actas.<\/span><\/p>\n<p><span style=\"font-size: 14pt;\">Las discusiones subrayan c\u00f3mo los movimientos del yen y la preocupaci\u00f3n por un exceso de inflaci\u00f3n fueron factores clave discutidos en la reuni\u00f3n de junio del BOJ y llevaron a su decisi\u00f3n en julio de elevar los r\u00e9ditos a niveles nunca vistos en 15 a\u00f1os.<\/span><\/p>\n<p><span style=\"font-size: 14pt;\">Tras el brusco cambio de rumbo de la divisa japonesa, que alcanz\u00f3 m\u00e1ximos de siete meses, los mercados est\u00e1n pendientes del discurso que pronunciar\u00e1 el mi\u00e9rcoles el vicegobernador del BOJ, Shinichi Uchida, en busca de pistas sobre el ritmo de futuros aumentos de tasas.<\/span><\/p>\n<p><span style=\"font-size: 14pt;\">El \u00faltimo aumento del yen se ha visto favorecido por la debilidad de los datos laborales estadounidenses, que han avivado los temores de recesi\u00f3n.<\/span><\/p>\n<p><span style=\"font-size: 14pt;\">\u201cTeniendo en cuenta que las \u00faltimas alzas del yen est\u00e1n reduciendo el riesgo de que se dispare la inflaci\u00f3n, esperamos que el Banco de Jap\u00f3n suba las tasas en un ciclo de una vez cada seis meses\u201d, en lugar de a un ritmo m\u00e1s frecuente, afirm\u00f3 Yoshimasa Maruyama, economista jefe de mercado de SMBC Nikko Securities.<\/span><\/p>\n<p><span style=\"font-size: 14pt;\">Tras el alza de julio, el gobernador del BOJ, Kazuo Ueda, no descart\u00f3 otra este a\u00f1o y subray\u00f3 su disposici\u00f3n a seguir elevando los costos de endeudamiento hasta niveles considerados neutros para la econom\u00eda, que analistas ubican entre 1 y 1.5 por ciento.<\/span><\/p>\n","protected":false},"excerpt":{"rendered":"<p>Al menos dos de los nueve miembros de la junta del Banco de Jap\u00f3n (BOJ, por su sigla en ingl\u00e9s)<\/p>\n","protected":false},"author":4,"featured_media":43510,"comment_status":"closed","ping_status":"closed","sticky":false,"template":"","format":"standard","meta":{"colormag_page_container_layout":"default_layout","colormag_page_sidebar_layout":"default_layout","_jetpack_memberships_contains_paid_content":false,"footnotes":"","jetpack_publicize_message":"","jetpack_publicize_feature_enabled":true,"jetpack_social_post_already_shared":false,"jetpack_social_options":{"image_generator_settings":{"template":"highway","default_image_id":0,"font":"","enabled":false},"version":2}},"categories":[2050],"tags":[],"class_list":["post-43509","post","type-post","status-publish","format-standard","has-post-thumbnail","hentry","category-economia"],"jetpack_publicize_connections":[],"jetpack_featured_media_url":"https:\/\/i0.wp.com\/politicosaldesnudo.com.mx\/wp-content\/uploads\/2024\/08\/japon_banco_central_reuters.png_554688468.png?fit=1200%2C675&ssl=1","jetpack-related-posts":[],"jetpack_sharing_enabled":true,"_links":{"self":[{"href":"https:\/\/politicosaldesnudo.com.mx\/index.php\/wp-json\/wp\/v2\/posts\/43509","targetHints":{"allow":["GET"]}}],"collection":[{"href":"https:\/\/politicosaldesnudo.com.mx\/index.php\/wp-json\/wp\/v2\/posts"}],"about":[{"href":"https:\/\/politicosaldesnudo.com.mx\/index.php\/wp-json\/wp\/v2\/types\/post"}],"author":[{"embeddable":true,"href":"https:\/\/politicosaldesnudo.com.mx\/index.php\/wp-json\/wp\/v2\/users\/4"}],"replies":[{"embeddable":true,"href":"https:\/\/politicosaldesnudo.com.mx\/index.php\/wp-json\/wp\/v2\/comments?post=43509"}],"version-history":[{"count":0,"href":"https:\/\/politicosaldesnudo.com.mx\/index.php\/wp-json\/wp\/v2\/posts\/43509\/revisions"}],"wp:featuredmedia":[{"embeddable":true,"href":"https:\/\/politicosaldesnudo.com.mx\/index.php\/wp-json\/wp\/v2\/media\/43510"}],"wp:attachment":[{"href":"https:\/\/politicosaldesnudo.com.mx\/index.php\/wp-json\/wp\/v2\/media?parent=43509"}],"wp:term":[{"taxonomy":"category","embeddable":true,"href":"https:\/\/politicosaldesnudo.com.mx\/index.php\/wp-json\/wp\/v2\/categories?post=43509"},{"taxonomy":"post_tag","embeddable":true,"href":"https:\/\/politicosaldesnudo.com.mx\/index.php\/wp-json\/wp\/v2\/tags?post=43509"}],"curies":[{"name":"wp","href":"https:\/\/api.w.org\/{rel}","templated":true}]}}