{"id":43520,"date":"2024-08-06T08:08:48","date_gmt":"2024-08-06T13:08:48","guid":{"rendered":"https:\/\/politicosaldesnudo.com.mx\/?p=43520"},"modified":"2024-08-06T08:08:48","modified_gmt":"2024-08-06T13:08:48","slug":"inflacion-ocde-en-minimos-del-2021","status":"publish","type":"post","link":"https:\/\/politicosaldesnudo.com.mx\/index.php\/2024\/08\/06\/inflacion-ocde-en-minimos-del-2021\/","title":{"rendered":"Inflaci\u00f3n OCDE, en m\u00ednimos del 2021"},"content":{"rendered":"<p><span style=\"font-size: 14pt;\">Turqu\u00eda mantiene el liderazgo con la mayor alza de precios y Costa Rica no observ\u00f3 variaci\u00f3n tras dos meses de ca\u00eddas.<\/span><\/p>\n<p><span style=\"font-size: 14pt;\">La inflaci\u00f3n promedio de los pa\u00edses miembros de la Organizaci\u00f3n para la Cooperaci\u00f3n y el Desarrollo Econ\u00f3micos (OCDE) alcanz\u00f3 en junio el nivel m\u00e1s bajo desde octubre del 2021, de 5.6% anual.<\/span><\/p>\n<p><span style=\"font-size: 14pt;\">Esta fluctuaci\u00f3n dista de 5.9% anual registrado en mayo y se ubica debajo de 5.8% observado en junio del 2023.<\/span><\/p>\n<p><span style=\"font-size: 14pt;\">Si desagregamos la informaci\u00f3n podemos ver que las variaciones del \u00cdndice Nacional de Precios al Consumidor (INPC) de M\u00e9xico, lejos de presentar una moderaci\u00f3n, volvieron a experimentar una aceleraci\u00f3n de abril a junio. De hecho, al cierre del primer semestre, la OCDE registra una variaci\u00f3n anual de 5% en el INPC de M\u00e9xico.<\/span><\/p>\n<p><span style=\"font-size: 14pt;\">Al revisar el comportamiento de los precios de M\u00e9xico en un lapso m\u00e1s largo, se puede observar que el proceso de desinflaci\u00f3n tuvo 13 meses de duraci\u00f3n, desde el techo alcanzado en septiembre del 2022, de 8.7% hasta octubre del 2023, cuando registr\u00f3 una fluctuaci\u00f3n de 4.26%, el nivel m\u00ednimo alcanzado en este ciclo. A partir de ah\u00ed, su comportamiento ha sido vol\u00e1til y con tendencia al alza.<\/span><\/p>\n<p><span style=\"font-size: 14pt;\">En el detalle de la informaci\u00f3n por pa\u00eds, se observa que Turqu\u00eda mantiene el liderazgo entre los pa\u00edses de inflaci\u00f3n m\u00e1s alta. En junio, registr\u00f3 una inflaci\u00f3n de 71.6% anual.<\/span><\/p>\n<p><span style=\"font-size: 14pt;\">Con este registro duplica la fluctuaci\u00f3n anual de 38.2% que alcanz\u00f3 en junio del 2023, pero muestra una correcci\u00f3n desde 75.4% anual de mayo.<\/span><\/p>\n<p><span style=\"font-size: 14pt;\">El contraste de los 38 pa\u00edses miembros, lo marca Costa Rica, que no observ\u00f3 variaci\u00f3n alguna, tras dos meses de experimentar ca\u00edda en sus precios.<\/span><\/p>\n<p><span style=\"font-size: 14pt;\">Inflaci\u00f3n de alimentos<\/span><br \/>\n<span style=\"font-size: 14pt;\">La inflaci\u00f3n de alimentos registr\u00f3 entre los pa\u00edses OCDE una variaci\u00f3n de 4.7% anual.<\/span><\/p>\n<p><span style=\"font-size: 14pt;\">En tanto, la inflaci\u00f3n de alimentos en M\u00e9xico fue de 6.5% en la general una aceleraci\u00f3n desde 6% observado en mayo y tras nueve meses de volatilidad.<\/span><\/p>\n<p><span style=\"font-size: 14pt;\">Expertos de Valmex han explicado que para las emergentes, como M\u00e9xico, en el \u00edndice de precios, pesa m\u00e1s el ponderador de alimentos y bebidas pues la poblaci\u00f3n gasta m\u00e1s en estos productos de primera necesidad.<\/span><\/p>\n","protected":false},"excerpt":{"rendered":"<p>Turqu\u00eda mantiene el liderazgo con la mayor alza de precios y Costa Rica no observ\u00f3 variaci\u00f3n tras dos meses de<\/p>\n","protected":false},"author":4,"featured_media":43521,"comment_status":"closed","ping_status":"closed","sticky":false,"template":"","format":"standard","meta":{"colormag_page_container_layout":"default_layout","colormag_page_sidebar_layout":"default_layout","_jetpack_memberships_contains_paid_content":false,"footnotes":"","jetpack_publicize_message":"","jetpack_publicize_feature_enabled":true,"jetpack_social_post_already_shared":false,"jetpack_social_options":{"image_generator_settings":{"template":"highway","default_image_id":0,"font":"","enabled":false},"version":2}},"categories":[2050],"tags":[],"class_list":["post-43520","post","type-post","status-publish","format-standard","has-post-thumbnail","hentry","category-economia"],"jetpack_publicize_connections":[],"jetpack_featured_media_url":"https:\/\/i0.wp.com\/politicosaldesnudo.com.mx\/wp-content\/uploads\/2024\/08\/images-2.jpg?fit=273%2C184&ssl=1","jetpack-related-posts":[],"jetpack_sharing_enabled":true,"_links":{"self":[{"href":"https:\/\/politicosaldesnudo.com.mx\/index.php\/wp-json\/wp\/v2\/posts\/43520","targetHints":{"allow":["GET"]}}],"collection":[{"href":"https:\/\/politicosaldesnudo.com.mx\/index.php\/wp-json\/wp\/v2\/posts"}],"about":[{"href":"https:\/\/politicosaldesnudo.com.mx\/index.php\/wp-json\/wp\/v2\/types\/post"}],"author":[{"embeddable":true,"href":"https:\/\/politicosaldesnudo.com.mx\/index.php\/wp-json\/wp\/v2\/users\/4"}],"replies":[{"embeddable":true,"href":"https:\/\/politicosaldesnudo.com.mx\/index.php\/wp-json\/wp\/v2\/comments?post=43520"}],"version-history":[{"count":0,"href":"https:\/\/politicosaldesnudo.com.mx\/index.php\/wp-json\/wp\/v2\/posts\/43520\/revisions"}],"wp:featuredmedia":[{"embeddable":true,"href":"https:\/\/politicosaldesnudo.com.mx\/index.php\/wp-json\/wp\/v2\/media\/43521"}],"wp:attachment":[{"href":"https:\/\/politicosaldesnudo.com.mx\/index.php\/wp-json\/wp\/v2\/media?parent=43520"}],"wp:term":[{"taxonomy":"category","embeddable":true,"href":"https:\/\/politicosaldesnudo.com.mx\/index.php\/wp-json\/wp\/v2\/categories?post=43520"},{"taxonomy":"post_tag","embeddable":true,"href":"https:\/\/politicosaldesnudo.com.mx\/index.php\/wp-json\/wp\/v2\/tags?post=43520"}],"curies":[{"name":"wp","href":"https:\/\/api.w.org\/{rel}","templated":true}]}}