{"id":43526,"date":"2024-08-06T08:19:01","date_gmt":"2024-08-06T13:19:01","guid":{"rendered":"https:\/\/politicosaldesnudo.com.mx\/?p=43526"},"modified":"2024-08-06T08:19:01","modified_gmt":"2024-08-06T13:19:01","slug":"militares-y-civiles-armados-se-enfrentan-a-balazos-en-pueblo-nuevo-sinaloa","status":"publish","type":"post","link":"https:\/\/politicosaldesnudo.com.mx\/index.php\/2024\/08\/06\/militares-y-civiles-armados-se-enfrentan-a-balazos-en-pueblo-nuevo-sinaloa\/","title":{"rendered":"Militares y civiles armados se enfrentan a balazos en Pueblo Nuevo, Sinaloa"},"content":{"rendered":"<div>\n<div id=\"content-body-225-12352640\">\n<p><span style=\"font-size: 14pt;\">Militares y civiles se enfrentaron en\u00a0Pueblo Nuevo,\u00a0Sinaloa, alrededor de las 4 de la tarde, el lunes 5 de agosto. De acuerdo con informes oficiales, el\u00a0incidente\u00a0surgi\u00f3\u00a0cuando una\u00a0patrulla militar se encontr\u00f3 con varios veh\u00edculos\u00a0en los que\u00a0viajaban\u00a0individuos\u00a0armados\u00a0e iniciaron una persecuci\u00f3n.<\/span><\/p>\n<p><span style=\"font-size: 14pt;\">Lo que inicialmente parec\u00eda ser una rutina de vigilancia se transform\u00f3 r\u00e1pidamente en un\u00a0tiroteo entre los militares y los\u00a0hombres\u00a0armados.<\/span><\/p>\n<\/div>\n<\/div>\n<div>\n<div id=\"dfp-nota-1x3s\" data-google-query-id=\"CJnAqOO54IcDFZ6OpgQdJd0MSA\">\n<div id=\"google_ads_iframe_\/2000002\/la-prensa\/mexico_nota_1x3_0__container__\"><span style=\"font-size: 14pt;\">Por el momento, las autoridades a\u00fan no han confirmado si hay heridos o v\u00edctimas\u00a0mortales.<\/span><\/div>\n<div>\n<span style=\"font-size: 14pt;\">Adem\u00e1s, se inform\u00f3 que los individuos armados lograron abandonar la camioneta\u00a0en la que viajaban,\u00a0sin dejar rastro.<\/span><\/div>\n<\/div>\n<\/div>\n","protected":false},"excerpt":{"rendered":"<p>Militares y civiles se enfrentaron en\u00a0Pueblo Nuevo,\u00a0Sinaloa, alrededor de las 4 de la tarde, el lunes 5 de agosto. De<\/p>\n","protected":false},"author":4,"featured_media":43527,"comment_status":"closed","ping_status":"closed","sticky":false,"template":"","format":"standard","meta":{"colormag_page_container_layout":"default_layout","colormag_page_sidebar_layout":"default_layout","_jetpack_memberships_contains_paid_content":false,"footnotes":"","jetpack_publicize_message":"","jetpack_publicize_feature_enabled":true,"jetpack_social_post_already_shared":false,"jetpack_social_options":{"image_generator_settings":{"template":"highway","default_image_id":0,"font":"","enabled":false},"version":2}},"categories":[33],"tags":[],"class_list":["post-43526","post","type-post","status-publish","format-standard","has-post-thumbnail","hentry","category-nacional"],"jetpack_publicize_connections":[],"jetpack_featured_media_url":"https:\/\/i0.wp.com\/politicosaldesnudo.com.mx\/wp-content\/uploads\/2024\/08\/camionta-balacera.jpg?fit=768%2C479&ssl=1","jetpack-related-posts":[],"jetpack_sharing_enabled":true,"_links":{"self":[{"href":"https:\/\/politicosaldesnudo.com.mx\/index.php\/wp-json\/wp\/v2\/posts\/43526","targetHints":{"allow":["GET"]}}],"collection":[{"href":"https:\/\/politicosaldesnudo.com.mx\/index.php\/wp-json\/wp\/v2\/posts"}],"about":[{"href":"https:\/\/politicosaldesnudo.com.mx\/index.php\/wp-json\/wp\/v2\/types\/post"}],"author":[{"embeddable":true,"href":"https:\/\/politicosaldesnudo.com.mx\/index.php\/wp-json\/wp\/v2\/users\/4"}],"replies":[{"embeddable":true,"href":"https:\/\/politicosaldesnudo.com.mx\/index.php\/wp-json\/wp\/v2\/comments?post=43526"}],"version-history":[{"count":0,"href":"https:\/\/politicosaldesnudo.com.mx\/index.php\/wp-json\/wp\/v2\/posts\/43526\/revisions"}],"wp:featuredmedia":[{"embeddable":true,"href":"https:\/\/politicosaldesnudo.com.mx\/index.php\/wp-json\/wp\/v2\/media\/43527"}],"wp:attachment":[{"href":"https:\/\/politicosaldesnudo.com.mx\/index.php\/wp-json\/wp\/v2\/media?parent=43526"}],"wp:term":[{"taxonomy":"category","embeddable":true,"href":"https:\/\/politicosaldesnudo.com.mx\/index.php\/wp-json\/wp\/v2\/categories?post=43526"},{"taxonomy":"post_tag","embeddable":true,"href":"https:\/\/politicosaldesnudo.com.mx\/index.php\/wp-json\/wp\/v2\/tags?post=43526"}],"curies":[{"name":"wp","href":"https:\/\/api.w.org\/{rel}","templated":true}]}}