{"id":43566,"date":"2024-08-07T07:56:51","date_gmt":"2024-08-07T12:56:51","guid":{"rendered":"https:\/\/politicosaldesnudo.com.mx\/?p=43566"},"modified":"2024-08-07T07:56:51","modified_gmt":"2024-08-07T12:56:51","slug":"argentina-elimina-los-derechos-de-exportacion-para-carnes-y-lacteos","status":"publish","type":"post","link":"https:\/\/politicosaldesnudo.com.mx\/index.php\/2024\/08\/07\/argentina-elimina-los-derechos-de-exportacion-para-carnes-y-lacteos\/","title":{"rendered":"Argentina elimina los derechos de exportaci\u00f3n para carnes y l\u00e1cteos"},"content":{"rendered":"<div>\n<div id=\"content-body-225-12356387\">\n<p><span style=\"font-size: 14pt;\">El\u00a0Gobierno de Argentina\u00a0elimin\u00f3 este martes los\u00a0derechos de exportaci\u00f3n\u00a0para carnes de bovino y porcino\u00a0y\u00a0l\u00e1cteos\u00a0y los redujo para otros\u00a0productos\u00a0agroindustriales, una medida que hab\u00eda prometido adoptar el presidente del pa\u00eds,\u00a0Javier Milei, y que era desde hace tiempo reclamada por el sector agropecuario.<\/span><\/p>\n<p><span style=\"font-size: 14pt;\">Mediante un decreto publicado este martes en el Bolet\u00edn Oficial, se\u00a0eliminaron los derechos de exportaci\u00f3n\u00a0que pesaban para las\u00a0ventas al exterior de cortes de vacuno\u00a0y de\u00a0porcino\u00a0y los\u00a0l\u00e1cteos.<\/span><\/p>\n<p><span style=\"font-size: 14pt;\">Adem\u00e1s,\u00a0se rebajaron en un 25 por ciento las al\u00edcuotas\u00a0de los\u00a0derechos de exportaci\u00f3n para otros productos\u00a0derivados de\u00a0bovinos,\u00a0porcinos,\u00a0ovinos\u00a0y\u00a0aves de corral.<\/span><\/p>\n<p><span style=\"font-size: 14pt;\">Esta medida, que Milei\u00a0hab\u00eda prometido adoptar semanas atr\u00e1s, en el cierre de la\u00a0Exposici\u00f3n Rural de Buenos Aires, \u00abapuntan a darle mayor competitividad y previsibilidad a un sector productivo estrat\u00e9gico para la econom\u00eda argentina\u00bb, afirm\u00f3 la Secretar\u00eda de Agricultura, Ganader\u00eda y Pesca en un comunicado.<\/span><\/p>\n<\/div>\n<\/div>\n<article>\n<div id=\"content-body-5851641-12356387\">\n<p><span style=\"font-size: 14pt;\">En el caso de los cortes de vacuno, cuyo principal destino es la\u00a0exportaci\u00f3n, tributaron unos\u00a060 millones de d\u00f3lares por derechos de exportaci\u00f3n en 2023, \u00abun monto que a partir de ahora vuelve a la rentabilidad de la cadena bovina\u00bb, resaltaron las autoridades argentinas.<\/span><\/p>\n<p><span style=\"font-size: 14pt;\">Adem\u00e1s de la medida adoptada este martes, el Gobierno de Argentina ha dictado otras normas que benefician al sector, como una\u00a0bajada en los aranceles de importaci\u00f3n de insumos agr\u00edcolas, la\u00a0apertura de mercados internacionales\u00a0y la\u00a0simplificaci\u00f3n de tr\u00e1mites en el control comercial.<\/span><\/p>\n<p><span style=\"font-size: 14pt;\">El sector\u00a0agropecuario\u00a0emplea a\u00a01.2 millones de personas\u00a0y tiene un peso del\u00a063 por ciento en el total exportado por Argentina, uno de los\u00a0mayores productores y exportadores mundiales de granos,\u00a0carnes\u00a0y derivados.<\/span><\/p>\n<\/div>\n<\/article>\n","protected":false},"excerpt":{"rendered":"<p>El\u00a0Gobierno de Argentina\u00a0elimin\u00f3 este martes los\u00a0derechos de exportaci\u00f3n\u00a0para carnes de bovino y porcino\u00a0y\u00a0l\u00e1cteos\u00a0y los redujo para otros\u00a0productos\u00a0agroindustriales, una medida que<\/p>\n","protected":false},"author":4,"featured_media":43567,"comment_status":"closed","ping_status":"closed","sticky":false,"template":"","format":"standard","meta":{"colormag_page_container_layout":"default_layout","colormag_page_sidebar_layout":"default_layout","_jetpack_memberships_contains_paid_content":false,"footnotes":"","jetpack_publicize_message":"","jetpack_publicize_feature_enabled":true,"jetpack_social_post_already_shared":false,"jetpack_social_options":{"image_generator_settings":{"template":"highway","default_image_id":0,"font":"","enabled":false},"version":2}},"categories":[28],"tags":[],"class_list":["post-43566","post","type-post","status-publish","format-standard","has-post-thumbnail","hentry","category-internacional"],"jetpack_publicize_connections":[],"jetpack_featured_media_url":"https:\/\/i0.wp.com\/politicosaldesnudo.com.mx\/wp-content\/uploads\/2024\/08\/Argentina-elimina-los-derechos-de-exportacion-para-carnes-y-lacteos.png?fit=768%2C479&ssl=1","jetpack-related-posts":[],"jetpack_sharing_enabled":true,"_links":{"self":[{"href":"https:\/\/politicosaldesnudo.com.mx\/index.php\/wp-json\/wp\/v2\/posts\/43566","targetHints":{"allow":["GET"]}}],"collection":[{"href":"https:\/\/politicosaldesnudo.com.mx\/index.php\/wp-json\/wp\/v2\/posts"}],"about":[{"href":"https:\/\/politicosaldesnudo.com.mx\/index.php\/wp-json\/wp\/v2\/types\/post"}],"author":[{"embeddable":true,"href":"https:\/\/politicosaldesnudo.com.mx\/index.php\/wp-json\/wp\/v2\/users\/4"}],"replies":[{"embeddable":true,"href":"https:\/\/politicosaldesnudo.com.mx\/index.php\/wp-json\/wp\/v2\/comments?post=43566"}],"version-history":[{"count":0,"href":"https:\/\/politicosaldesnudo.com.mx\/index.php\/wp-json\/wp\/v2\/posts\/43566\/revisions"}],"wp:featuredmedia":[{"embeddable":true,"href":"https:\/\/politicosaldesnudo.com.mx\/index.php\/wp-json\/wp\/v2\/media\/43567"}],"wp:attachment":[{"href":"https:\/\/politicosaldesnudo.com.mx\/index.php\/wp-json\/wp\/v2\/media?parent=43566"}],"wp:term":[{"taxonomy":"category","embeddable":true,"href":"https:\/\/politicosaldesnudo.com.mx\/index.php\/wp-json\/wp\/v2\/categories?post=43566"},{"taxonomy":"post_tag","embeddable":true,"href":"https:\/\/politicosaldesnudo.com.mx\/index.php\/wp-json\/wp\/v2\/tags?post=43566"}],"curies":[{"name":"wp","href":"https:\/\/api.w.org\/{rel}","templated":true}]}}