{"id":43569,"date":"2024-08-07T08:00:20","date_gmt":"2024-08-07T13:00:20","guid":{"rendered":"https:\/\/politicosaldesnudo.com.mx\/?p=43569"},"modified":"2024-08-07T08:00:20","modified_gmt":"2024-08-07T13:00:20","slug":"kamala-harris-y-tim-walz-se-presentan-a-los-electores-en-su-primer-mitin-en-filadelfia","status":"publish","type":"post","link":"https:\/\/politicosaldesnudo.com.mx\/index.php\/2024\/08\/07\/kamala-harris-y-tim-walz-se-presentan-a-los-electores-en-su-primer-mitin-en-filadelfia\/","title":{"rendered":"Kamala Harris y Tim Walz se presentan a los electores en su primer mitin en Filadelfia"},"content":{"rendered":"<div>\n<div id=\"content-body-225-12357437\">\n<p><span style=\"font-size: 14pt;\">La candidata a la presidencia de Estados Unidos,\u00a0Kamala Harris\u00a0y su reci\u00e9n elegido compa\u00f1ero de f\u00f3rmula,\u00a0Tim Walz, dieron este martes su primer mitin conjunto en Filadelfia, Pensilvania, para darse a conocer entre los estadounidenses a solo tres meses de las elecciones.<\/span><\/p>\n<p><span style=\"font-size: 14pt;\">La candidata dem\u00f3crata y el que se convertir\u00eda en su vicepresidente en caso de victoria en las\u00a0votaciones del pr\u00f3ximo 5 de noviembre tienen poco tiempo para convencer a los electores.<\/span><\/p>\n<\/div>\n<\/div>\n<div>\n<div id=\"dfp-nota-1x3s\" data-google-query-id=\"CKKy0Z334ocDFSPQTwIdjEQtFg\">\n<div id=\"google_ads_iframe_\/2000002\/la-prensa\/mexico_nota_1x3_0__container__\"><span style=\"font-size: 14pt;\">En un auditorio abarrotado de entusiastas dem\u00f3cratas, que dieron una calurosa bienvenida a los pol\u00edticos acompa\u00f1ado de sus respectivos c\u00f3nyuges, Harris advirti\u00f3 que esta campa\u00f1a \u00abno solo es un combate contra Donald Trump\u00bb, el rival republicano, \u00abes un combate por el futuro\u00bb, extern\u00f3.<\/span><\/div>\n<\/div>\n<\/div>\n<article>\n<div id=\"content-body-5851641-12357437\">\n<p><span style=\"font-size: 14pt;\">Su compa\u00f1ero de f\u00f3rmula, Tim Walz, elegido este mismo martes, arremeti\u00f3 contra el magnate republicano, al que consider\u00f3 demasiado ego\u00edsta para servir a los estadounidenses. \u00abDonald Trump ve el mundo de otra manera. No tiene ni idea de servicio porque est\u00e1 demasiado ocupado sirvi\u00e9ndose a s\u00ed mismo\u00bb, dijo Walz ante los aplausos del p\u00fablico.<\/span><\/p>\n<div>\n<div>\n<div>\n<div id=\"standard_4\">\n<div>\n<div><span style=\"font-size: 14pt;\">Este primer mitin conjunto en Pensilvania, un estado fundamental para la victoria del pr\u00f3ximo inquilino de la Casa Blanca, es el primero de una gira de varios d\u00edas por varios estados decisivos.<\/span><\/div>\n<\/div>\n<\/div>\n<\/div>\n<\/div>\n<\/div>\n<p><span style=\"font-size: 14pt;\">Harris dijo este lunes en la red social X que est\u00e1\u00a0\u00aborgullosa\u00bb de haber elegido al gobernador de Minnesota\u00a0para tratar de conseguir las llaves de la Casa Blanca por encima de Trump.<\/span><\/p>\n<p><span style=\"font-size: 14pt;\">Procedente del Medio Oeste, este antiguo profesor y entrenador de f\u00fatbol americano de 60 a\u00f1os es poco conocido fuera de las fronteras de su estado, pero lo consideran capaz de ayudar a conquistar el voto de los indecisos.<\/span><\/p>\n<p><span style=\"font-size: 14pt;\">\u00abComo gobernador, entrenador, profesor y exmilitar, Walz ha defendido los intereses de las familias de trabajadores como la suya\u00bb, a\u00f1adi\u00f3 Harris.<\/span><\/p>\n<p><span style=\"font-size: 14pt;\">\u00abEs el honor de mi vida\u00bb, respondi\u00f3 Walz, que prometi\u00f3 \u00abdarlo todo\u00bb.<\/span><\/p>\n<p><span style=\"font-size: 14pt;\">Harris, que en caso de victoria se convertir\u00eda en la primera mujer negra y de origen surasi\u00e1tico\u00a0en ocupar la presidencia de EU, eligi\u00f3 como se esperaba a un hombre blanco para formar con ella la dupla dem\u00f3crata.<\/span><\/p>\n<div>\n<div>\n<div>\n<div id=\"standard_5\">\n<div>\n<div><span style=\"font-size: 14pt;\">Trayectoria at\u00edpica<\/span><\/div>\n<\/div>\n<\/div>\n<\/div>\n<\/div>\n<\/div>\n<p><span style=\"font-size: 14pt;\">Exmilitar de la Guardia Nacional con un recorrido at\u00edpico, Walz procede del mundo rural a diferencia de la vicepresidenta. Aunque con fama de moderado,\u00a0el gobernador adopt\u00f3 medidas consideradas como progresistas, como la\u00a0legalizaci\u00f3n del cannabis\u00a0para uso recreativo,\u00a0las restricciones para la compra de armas,\u00a0pese a que se declara cazador, o la ampliaci\u00f3n de la protecci\u00f3n federal para los trabajadores.<\/span><\/p>\n<p><span style=\"font-size: 14pt;\">El presidente Joe Biden, que dio un giro a la campa\u00f1a al renunciar a la reelecci\u00f3n el 21 de julio a favor de su vicepresidenta, aprob\u00f3 la\u00a0elecci\u00f3n de Walz. \u00abSer\u00e1n una voz poderosa para los trabajadores y la clase media\u00bb, dijo Biden.<\/span><\/p>\n<p><span style=\"font-size: 14pt;\">Sin embargo, el equipo de campa\u00f1a de\u00a0Trump inmediatamente calific\u00f3 a Walz de \u00abpeligroso izquierdista extremista\u00bb. \u00abEl balance de Tim Walz es una broma\u00bb, expres\u00f3 el republicano y el compa\u00f1ero de f\u00f3rmula del magnate, J.D. Vance, ante seguidores reunidos tambi\u00e9n en Filadelfia.<\/span><\/p>\n<p><span style=\"font-size: 14pt;\">El senador republicano de 40 a\u00f1os, de Ohio, otro estado industrial del Medio Oeste, dar\u00e1 m\u00edtines de campa\u00f1a en los pr\u00f3ximos d\u00edas en los mismos estados que los aspirantes dem\u00f3cratas.<\/span><\/p>\n<p><span style=\"font-size: 14pt;\">Harris, de 59 a\u00f1os, ha recuperado el rezago de Biden ante Trump,\u00a0las encuestas, y las donaciones para su campa\u00f1a se han disparado. La dupla Harris-Walz\u00a0ser\u00e1 oficialmente nominada durante la convenci\u00f3n dem\u00f3crata en Chicago, que arranca el 19 de agosto.<\/span><\/p>\n<p><span style=\"font-size: 14pt;\">Tras la cumbre partidista republicana de mediados de julio, Trump, que result\u00f3 herido en un intento de asesinato unos d\u00edas antes, sali\u00f3 de la cita como amo absoluto de los republicanos. Desde entonces, trata de contrarrestar los vientos a favor de su rival.<\/span><\/p>\n<p><span style=\"font-size: 14pt;\">Los ataques del expresidente a Harris se centran sobre todo en la gesti\u00f3n de la inmigraci\u00f3n por los dem\u00f3cratas. Tambi\u00e9n la ha llegado a acusar de \u00abhacerse negra\u00bb por c\u00e1lculo pol\u00edtico.<\/span><\/p>\n<p><span style=\"font-size: 14pt;\">Hija de padre jamaicano y madre india, la campa\u00f1a de Harris se centra en las libertades, en particular en la protecci\u00f3n del derecho al aborto.<\/span><\/p>\n<\/div>\n<\/article>\n","protected":false},"excerpt":{"rendered":"<p>La candidata a la presidencia de Estados Unidos,\u00a0Kamala Harris\u00a0y su reci\u00e9n elegido compa\u00f1ero de f\u00f3rmula,\u00a0Tim Walz, dieron este martes su<\/p>\n","protected":false},"author":4,"featured_media":43570,"comment_status":"closed","ping_status":"closed","sticky":false,"template":"","format":"standard","meta":{"colormag_page_container_layout":"default_layout","colormag_page_sidebar_layout":"default_layout","_jetpack_memberships_contains_paid_content":false,"footnotes":"","jetpack_publicize_message":"","jetpack_publicize_feature_enabled":true,"jetpack_social_post_already_shared":false,"jetpack_social_options":{"image_generator_settings":{"template":"highway","default_image_id":0,"font":"","enabled":false},"version":2}},"categories":[28],"tags":[],"class_list":["post-43569","post","type-post","status-publish","format-standard","has-post-thumbnail","hentry","category-internacional"],"jetpack_publicize_connections":[],"jetpack_featured_media_url":"https:\/\/i0.wp.com\/politicosaldesnudo.com.mx\/wp-content\/uploads\/2024\/08\/Kamala-Harris-y-Tim-Walz.png?fit=768%2C479&ssl=1","jetpack-related-posts":[],"jetpack_sharing_enabled":true,"_links":{"self":[{"href":"https:\/\/politicosaldesnudo.com.mx\/index.php\/wp-json\/wp\/v2\/posts\/43569","targetHints":{"allow":["GET"]}}],"collection":[{"href":"https:\/\/politicosaldesnudo.com.mx\/index.php\/wp-json\/wp\/v2\/posts"}],"about":[{"href":"https:\/\/politicosaldesnudo.com.mx\/index.php\/wp-json\/wp\/v2\/types\/post"}],"author":[{"embeddable":true,"href":"https:\/\/politicosaldesnudo.com.mx\/index.php\/wp-json\/wp\/v2\/users\/4"}],"replies":[{"embeddable":true,"href":"https:\/\/politicosaldesnudo.com.mx\/index.php\/wp-json\/wp\/v2\/comments?post=43569"}],"version-history":[{"count":0,"href":"https:\/\/politicosaldesnudo.com.mx\/index.php\/wp-json\/wp\/v2\/posts\/43569\/revisions"}],"wp:featuredmedia":[{"embeddable":true,"href":"https:\/\/politicosaldesnudo.com.mx\/index.php\/wp-json\/wp\/v2\/media\/43570"}],"wp:attachment":[{"href":"https:\/\/politicosaldesnudo.com.mx\/index.php\/wp-json\/wp\/v2\/media?parent=43569"}],"wp:term":[{"taxonomy":"category","embeddable":true,"href":"https:\/\/politicosaldesnudo.com.mx\/index.php\/wp-json\/wp\/v2\/categories?post=43569"},{"taxonomy":"post_tag","embeddable":true,"href":"https:\/\/politicosaldesnudo.com.mx\/index.php\/wp-json\/wp\/v2\/tags?post=43569"}],"curies":[{"name":"wp","href":"https:\/\/api.w.org\/{rel}","templated":true}]}}