{"id":43572,"date":"2024-08-07T08:06:22","date_gmt":"2024-08-07T13:06:22","guid":{"rendered":"https:\/\/politicosaldesnudo.com.mx\/?p=43572"},"modified":"2024-08-07T08:06:22","modified_gmt":"2024-08-07T13:06:22","slug":"israel-promete-matar-a-yahya-sinwar-el-nuevo-lider-politico-de-hamas","status":"publish","type":"post","link":"https:\/\/politicosaldesnudo.com.mx\/index.php\/2024\/08\/07\/israel-promete-matar-a-yahya-sinwar-el-nuevo-lider-politico-de-hamas\/","title":{"rendered":"Israel promete matar a Yahya Sinwar, el nuevo l\u00edder pol\u00edtico de Hamas"},"content":{"rendered":"<div>\n<div id=\"content-body-225-12355604\">\n<p><span style=\"font-size: 14pt;\">El\u00a0Ej\u00e9rcito y la canciller\u00eda de Israel\u00a0prometieron\u00a0matar a\u00a0Yahya Sinwar, nombrado por el grupo islamista\u00a0Hamas\u00a0como su\u00a0nuevo l\u00edder pol\u00edtico\u00a0tras el\u00a0asesinato\u00a0de su antecesor,\u00a0Ismail\u00a0Haniyeh.<\/span><\/p>\n<p><span style=\"font-size: 14pt;\">\u00abYahya Sinwar es un terrorista, responsable del ataque terrorista m\u00e1s brutal de la historia: el 7 de octubre\u00bb, dijo el portavoz del Ej\u00e9rcito israel\u00ed, Daniel Hagari, en una entrevista para el medio Al Arabia.<\/span><\/p>\n<p><span style=\"font-size: 14pt;\">\u00abSolo hay un lugar para\u00a0Yahya\u00a0Sinwar, y es junto a\u00a0Mohamed Deif\u00bb, comandante jefe del brazo armado de Hamas, quien muri\u00f3 en un\u00a0bombardeo israel\u00ed\u00a0el\u00a013 de julio en la Franja de Gaza, a\u00f1adi\u00f3.<\/span><\/p>\n<article>\n<div>\n<div><span style=\"font-size: 14pt;\">\u00abEse es el \u00fanico lugar que estamos preparando y dirigiendo para \u00e9l\u00bb, recalc\u00f3.<\/span><\/div>\n<\/div>\n<\/article>\n<\/div>\n<\/div>\n<article>\n<div id=\"content-body-5851641-12355604\">\n<p><span style=\"font-size: 14pt;\">De su lado, el ministro de Exteriores, Israel Katz, estim\u00f3 que \u00abel nombramiento del archi-terrorista Yahya Sinwar (&#8230;) es otra raz\u00f3n de peso para eliminarlo r\u00e1pidamente y borrar a esta vil organizaci\u00f3n de la faz de la tierra\u00bb.<\/span><\/p>\n<p><span style=\"font-size: 14pt;\">Estas declaraciones surgen poco despu\u00e9s de que\u00a0Hamas\u00a0-que controla de facto la Franja de Gaza y es considerada organizaci\u00f3n terrorista por Israel, Estados Unidos y la Uni\u00f3n Europea- anunci\u00f3 que eligi\u00f3 a Sinwar, jefe del grupo dentro del enclave palestino, como\u00a0m\u00e1ximo l\u00edder de su bur\u00f3 pol\u00edtico\u00a0en\u00a0sustituci\u00f3n de Haniyeh, quien fue\u00a0asesinado\u00a0hace una semana en\u00a0Teher\u00e1n\u00a0en un\u00a0ataque atribuido a Israel.<\/span><\/p>\n<p><span style=\"font-size: 14pt;\">\u00abElegir a Sinwar como l\u00edder del movimiento es un mensaje a la ocupaci\u00f3n (israel\u00ed) de que sus amenazas no asustan a los l\u00edderes de la resistencia y no afectar\u00e1n a sus decisiones\u00bb, dijo Taher al Nono, asesor de medios del bur\u00f3 pol\u00edtico de Ham\u00e1s, a la cadena catar\u00ed Al Jazeera.<\/span><\/p>\n<p><span style=\"font-size: 14pt;\">De su lado, la Yihad Palestina felicit\u00f3 a Ham\u00e1s por su decisi\u00f3n, al estimar que es \u00abun fuerte mensaje al enemigo sionista de que Ham\u00e1s sigue siendo fuerte y cohesionado, y que el enemigo no ha afectado a su estructura a pesar de la guerra de exterminio\u00bb.<\/span><\/p>\n<p><span style=\"font-size: 14pt;\">Sinwar, que se supone que sigue escondido en los\u00a0t\u00faneles de Gaza, representa la l\u00ednea m\u00e1s dura y beligerante del grupo y est\u00e1 considerado el\u00a0cerebro de los ataques contra Israel\u00a0del 7 de octubre de 2023, que dejaron unos\u00a0mil 200 muertos,\u00a0251 secuestrados\u00a0y desataron la\u00a0guerra.<\/span><\/p>\n<p><span style=\"font-size: 14pt;\">Desde entonces, es el hombre m\u00e1s buscado por\u00a0Israel.<\/span><\/p>\n<p><span style=\"font-size: 14pt;\">La\u00a0elecci\u00f3n de Sinwar, hasta ahora l\u00edder de\u00a0Hamas\u00a0dentro de\u00a0Gaza\u00a0en lo pol\u00edtico y militar, confirma el\u00a0cambio estrat\u00e9gico del grupo, donde la\u00a0vertiente militar\u00a0fagocit\u00f3 a la pol\u00edtica, adem\u00e1s de\u00a0poner en jaque las negociaciones para un alto el fuego, en las que ha defendido la postura m\u00e1s dura, frente a un\u00a0Haniyeh\u00a0m\u00e1s pragm\u00e1tico.<\/span><\/p>\n<p><span style=\"font-size: 14pt;\">Sin embargo,\u00a0Al Nono\u00a0asegur\u00f3 que la comunicaci\u00f3n entre Sinwar y la delegaci\u00f3n negociadora de\u00a0Hamas\u00a0para un cese el fuego \u00abha estado en curso desde el primer d\u00eda de la batalla\u00bb, y que no representa un obst\u00e1culo para implementar acuerdos.<\/span><\/p>\n<\/div>\n<\/article>\n","protected":false},"excerpt":{"rendered":"<p>El\u00a0Ej\u00e9rcito y la canciller\u00eda de Israel\u00a0prometieron\u00a0matar a\u00a0Yahya Sinwar, nombrado por el grupo islamista\u00a0Hamas\u00a0como su\u00a0nuevo l\u00edder pol\u00edtico\u00a0tras el\u00a0asesinato\u00a0de su antecesor,\u00a0Ismail\u00a0Haniyeh. \u00abYahya<\/p>\n","protected":false},"author":4,"featured_media":43573,"comment_status":"closed","ping_status":"closed","sticky":false,"template":"","format":"standard","meta":{"colormag_page_container_layout":"default_layout","colormag_page_sidebar_layout":"default_layout","_jetpack_memberships_contains_paid_content":false,"footnotes":"","jetpack_publicize_message":"","jetpack_publicize_feature_enabled":true,"jetpack_social_post_already_shared":false,"jetpack_social_options":{"image_generator_settings":{"template":"highway","default_image_id":0,"font":"","enabled":false},"version":2}},"categories":[28],"tags":[],"class_list":["post-43572","post","type-post","status-publish","format-standard","has-post-thumbnail","hentry","category-internacional"],"jetpack_publicize_connections":[],"jetpack_featured_media_url":"https:\/\/i0.wp.com\/politicosaldesnudo.com.mx\/wp-content\/uploads\/2024\/08\/Yahya-Sinwar.png?fit=768%2C479&ssl=1","jetpack-related-posts":[],"jetpack_sharing_enabled":true,"_links":{"self":[{"href":"https:\/\/politicosaldesnudo.com.mx\/index.php\/wp-json\/wp\/v2\/posts\/43572","targetHints":{"allow":["GET"]}}],"collection":[{"href":"https:\/\/politicosaldesnudo.com.mx\/index.php\/wp-json\/wp\/v2\/posts"}],"about":[{"href":"https:\/\/politicosaldesnudo.com.mx\/index.php\/wp-json\/wp\/v2\/types\/post"}],"author":[{"embeddable":true,"href":"https:\/\/politicosaldesnudo.com.mx\/index.php\/wp-json\/wp\/v2\/users\/4"}],"replies":[{"embeddable":true,"href":"https:\/\/politicosaldesnudo.com.mx\/index.php\/wp-json\/wp\/v2\/comments?post=43572"}],"version-history":[{"count":0,"href":"https:\/\/politicosaldesnudo.com.mx\/index.php\/wp-json\/wp\/v2\/posts\/43572\/revisions"}],"wp:featuredmedia":[{"embeddable":true,"href":"https:\/\/politicosaldesnudo.com.mx\/index.php\/wp-json\/wp\/v2\/media\/43573"}],"wp:attachment":[{"href":"https:\/\/politicosaldesnudo.com.mx\/index.php\/wp-json\/wp\/v2\/media?parent=43572"}],"wp:term":[{"taxonomy":"category","embeddable":true,"href":"https:\/\/politicosaldesnudo.com.mx\/index.php\/wp-json\/wp\/v2\/categories?post=43572"},{"taxonomy":"post_tag","embeddable":true,"href":"https:\/\/politicosaldesnudo.com.mx\/index.php\/wp-json\/wp\/v2\/tags?post=43572"}],"curies":[{"name":"wp","href":"https:\/\/api.w.org\/{rel}","templated":true}]}}