{"id":43585,"date":"2024-08-07T08:18:21","date_gmt":"2024-08-07T13:18:21","guid":{"rendered":"https:\/\/politicosaldesnudo.com.mx\/?p=43585"},"modified":"2024-08-07T08:18:21","modified_gmt":"2024-08-07T13:18:21","slug":"nuevo-centro-de-entrenamiento-y-oficios-de-canacope-monterrey-impulsara-el-emprendimiento","status":"publish","type":"post","link":"https:\/\/politicosaldesnudo.com.mx\/index.php\/2024\/08\/07\/nuevo-centro-de-entrenamiento-y-oficios-de-canacope-monterrey-impulsara-el-emprendimiento\/","title":{"rendered":"Nuevo Centro de Entrenamiento y Oficios de Canacope Monterrey impulsar\u00e1 el emprendimiento"},"content":{"rendered":"<p><span style=\"font-size: 14pt;\">La C\u00e1mara Nacional del Comercio en Peque\u00f1o, Servicios y Turismo (Canacope) Monterrey inaugurar\u00e1 una nueva sede del Centro de Entrenamiento y Oficios (CEO) en San Nicol\u00e1s de los Garza, fortaleciendo as\u00ed su red de capacitaci\u00f3n y apoyo a emprendedores locales.<\/span><\/p>\n<p><span style=\"font-size: 14pt;\">La C\u00e1mara Nacional del Comercio en Peque\u00f1o, Servicios y Turismo (Canacope) Monterrey anunci\u00f3 la apertura de una nueva sede del Centro de Entrenamiento y Oficios (CEO) en San Nicol\u00e1s de los Garza. Este nuevo centro tiene como objetivo fortalecer la capacitaci\u00f3n y el emprendimiento en la regi\u00f3n, ofreciendo una amplia gama de cursos y entrenamientos.<\/span><\/p>\n<p><span style=\"font-size: 14pt;\">Durante la ceremonia de graduaci\u00f3n del CEO, Catalina Dom\u00ednguez Estrada, presidenta de Canacope Monterrey, resalt\u00f3 la importancia de esta expansi\u00f3n y adelant\u00f3 que pr\u00f3ximamente se dar\u00e1n a conocer los detalles de los cursos y la fecha de apertura al p\u00fablico.<\/span><\/p>\n<p><span style=\"font-size: 14pt;\">El CEO es un sitio donde mujeres y hombres adquieren habilidades en diversos oficios, facilitando el inicio y expansi\u00f3n de sus propios negocios, explic\u00f3 la dirigente.<\/span><\/p>\n<p><span style=\"font-size: 14pt;\">En el evento donde se graduaron unas 30 personas, Dom\u00ednguez Estrada coment\u00f3: \u201cPara Canacope Monterrey es muy valioso que cada trimestre aumente el n\u00famero de personas que se grad\u00faan e inician su propio negocio, o bien lo expanden con cursos de actualizaci\u00f3n.<\/span><\/p>\n<p><span style=\"font-size: 14pt;\">\u201cEl llegar a una graduaci\u00f3n, siempre viene acompa\u00f1ada de sacrificios, tiempo e inversi\u00f3n en general. Para nosotros es de gran valor porque sabemos que hay un gran esfuerzo y detr\u00e1s de este esfuerzo hay una recompensa\u201d, ahond\u00f3.<\/span><\/p>\n<p><span style=\"font-size: 14pt;\">La capacitaci\u00f3n que concluyeron fue en la elaboraci\u00f3n de jab\u00f3n artesanal, arte en globo, joyer\u00eda artesanal, arte en tamarindo, podolog\u00eda y reposter\u00eda avanzada.<\/span><\/p>\n<p><span style=\"font-size: 14pt;\">La tambi\u00e9n vicepresidenta regional de la zona noreste de la Confederaci\u00f3n de C\u00e1maras Nacionales de Comercio, Servicios y Turismo (Concanaco Servytur), reconoci\u00f3 la labor de las maestras que imparten los cursos. \u201cEl gran valor de CEO son las maestras, sin ellas los resultados obtenidos en m\u00e1s de un a\u00f1o no ser\u00edan posibles; porque comparten su conocimiento, destinan su tiempo y entusiasmo\u201d, a\u00f1adi\u00f3.<\/span><\/p>\n<p><span style=\"font-size: 14pt;\">En la ceremonia de graduaci\u00f3n, la presidenta de Canacope Monterrey present\u00f3 a Ra\u00fal Acosta, director general del Grupo Levex, como un nuevo aliado de CEO con la finalidad de darle seguimiento a los graduados.<\/span><\/p>\n","protected":false},"excerpt":{"rendered":"<p>La C\u00e1mara Nacional del Comercio en Peque\u00f1o, Servicios y Turismo (Canacope) Monterrey inaugurar\u00e1 una nueva sede del Centro de Entrenamiento<\/p>\n","protected":false},"author":4,"featured_media":43586,"comment_status":"closed","ping_status":"closed","sticky":false,"template":"","format":"standard","meta":{"colormag_page_container_layout":"default_layout","colormag_page_sidebar_layout":"default_layout","_jetpack_memberships_contains_paid_content":false,"footnotes":"","jetpack_publicize_message":"","jetpack_publicize_feature_enabled":true,"jetpack_social_post_already_shared":false,"jetpack_social_options":{"image_generator_settings":{"template":"highway","default_image_id":0,"font":"","enabled":false},"version":2}},"categories":[30],"tags":[],"class_list":["post-43585","post","type-post","status-publish","format-standard","has-post-thumbnail","hentry","category-estados"],"jetpack_publicize_connections":[],"jetpack_featured_media_url":"https:\/\/i0.wp.com\/politicosaldesnudo.com.mx\/wp-content\/uploads\/2024\/08\/tiendas_de_abarrotes_ex3x.jpg_557459031.jpg?fit=1200%2C672&ssl=1","jetpack-related-posts":[],"jetpack_sharing_enabled":true,"_links":{"self":[{"href":"https:\/\/politicosaldesnudo.com.mx\/index.php\/wp-json\/wp\/v2\/posts\/43585","targetHints":{"allow":["GET"]}}],"collection":[{"href":"https:\/\/politicosaldesnudo.com.mx\/index.php\/wp-json\/wp\/v2\/posts"}],"about":[{"href":"https:\/\/politicosaldesnudo.com.mx\/index.php\/wp-json\/wp\/v2\/types\/post"}],"author":[{"embeddable":true,"href":"https:\/\/politicosaldesnudo.com.mx\/index.php\/wp-json\/wp\/v2\/users\/4"}],"replies":[{"embeddable":true,"href":"https:\/\/politicosaldesnudo.com.mx\/index.php\/wp-json\/wp\/v2\/comments?post=43585"}],"version-history":[{"count":0,"href":"https:\/\/politicosaldesnudo.com.mx\/index.php\/wp-json\/wp\/v2\/posts\/43585\/revisions"}],"wp:featuredmedia":[{"embeddable":true,"href":"https:\/\/politicosaldesnudo.com.mx\/index.php\/wp-json\/wp\/v2\/media\/43586"}],"wp:attachment":[{"href":"https:\/\/politicosaldesnudo.com.mx\/index.php\/wp-json\/wp\/v2\/media?parent=43585"}],"wp:term":[{"taxonomy":"category","embeddable":true,"href":"https:\/\/politicosaldesnudo.com.mx\/index.php\/wp-json\/wp\/v2\/categories?post=43585"},{"taxonomy":"post_tag","embeddable":true,"href":"https:\/\/politicosaldesnudo.com.mx\/index.php\/wp-json\/wp\/v2\/tags?post=43585"}],"curies":[{"name":"wp","href":"https:\/\/api.w.org\/{rel}","templated":true}]}}