{"id":43600,"date":"2024-08-07T08:33:14","date_gmt":"2024-08-07T13:33:14","guid":{"rendered":"https:\/\/politicosaldesnudo.com.mx\/?p=43600"},"modified":"2024-08-07T08:33:14","modified_gmt":"2024-08-07T13:33:14","slug":"gertz-el-fiscal-florero","status":"publish","type":"post","link":"https:\/\/politicosaldesnudo.com.mx\/index.php\/2024\/08\/07\/gertz-el-fiscal-florero\/","title":{"rendered":"Gertz, el fiscal florero"},"content":{"rendered":"<p><span style=\"font-size: 14pt;\"><strong>Por \u00c1ngel \u00c1lvaro Pe\u00f1a<\/strong><\/span><\/p>\n<p><span style=\"font-size: 14pt;\">Uno de los grandes beneficiados de los programas sociales de la actual administraci\u00f3n es el Fiscal General de la Rep\u00fablica, Alejandro Gertz Manero, quien con un salario superior a los 190 mil es un aviador de su cargo y cuando llega a trabajar lo hace en beneficio propio.<\/span><\/p>\n<p><span style=\"font-size: 14pt;\">Los cuestionamientos sobre los pocos resultados de la Fiscal\u00eda empezaron con el actual sexenio y no terminan.<\/span><\/p>\n<p><span style=\"font-size: 14pt;\">Se propuso el gobierno transformar, a fondo, el Poder Judicial para que haya justicia y legalidad; sin embargo, lo que no toman en cuenta es la preparaci\u00f3n y honestidad de quienes entregan los expedientes mal redactados y los jueces deben liberar a los delincuentes porque en el Poder Ejecutivo, al que pertenece la Fiscal\u00eda General de la Rep\u00fablica, por incapacidad o por corrupci\u00f3n, escriben mal las acusaciones que luego un juez debe evaluar.<\/span><\/p>\n<p><span style=\"font-size: 14pt;\">Mientras no haya una reforma a la Fiscal\u00eda General de la Rep\u00fablica, que es la instancia que entrega la parte acusadora al Poder Judicial, no puede haber una buena administraci\u00f3n de justicia.<\/span><\/p>\n<p><span style=\"font-size: 14pt;\">La primera etapa para sancionar el delito est\u00e1 en manos de Alejandro Gertz Manero, quien, en lo personal no es una persona que pueda llamarse honesta, ni justa ni legal.<\/span><\/p>\n<p><span style=\"font-size: 14pt;\">Se aument\u00f3 el salario, adem\u00e1s tuvo un seguro de gastos m\u00e9dicos mayores en 2022 y en lo que va de su mandato en la Fiscal\u00eda la dependencia ha gastado millones de pesos en contratos relacionados con la\u00a0compra de boletos de avi\u00f3n y autob\u00fas en clase premier,\u00a0obsequios para celebraciones, arrendamientos de inmuebles y seguros de autos, de acuerdo con una revisi\u00f3n a la Plataforma Nacional de Transparencia.<\/span><\/p>\n<p><span style=\"font-size: 14pt;\">Con un sucio historial como polic\u00eda Gertz Manero pudo ingresar inexplicablemente al gobierno de la 4T sin pena ni gloria. Hace 24 a\u00f1os, cuando se desempe\u00f1aba como secretario de seguridad P\u00fablica de la Ciudad de M\u00e9xico, tuvo un conflicto con la actriz Silvia Pinal, a quien demand\u00f3, sin pruebas suficientes, por un supuesto fraude a Protea, por 9 millones de pesos, organismo que afilia a los productores de teatro del pa\u00eds.<\/span><\/p>\n<p><span style=\"font-size: 14pt;\">La actriz debi\u00f3 huir, escondida en la cajuela de un autom\u00f3vil a Acapulco y luego a Miami, donde vivi\u00f3 once meses, para evitar las acciones que se hab\u00edan creado como un montaje para acusarla.<\/span><\/p>\n<p><span style=\"font-size: 14pt;\">Gertz utiliza el cargo para atentar hasta contra su propia familia, a quienes arrebata propiedades impunemente, y el esc\u00e1ndalo de la irrupci\u00f3n de la Universidad de las Am\u00e9ricas,\u00a0por parte de la polic\u00eda de Puebla y personal de la FGR en 2021, as\u00ed como \u00f3rdenes de aprehensi\u00f3n en contra de la familia Jenkins de Landa, due\u00f1as de la instituci\u00f3n educativa, provienen de una carpeta de investigaci\u00f3n que la fiscal\u00eda reabri\u00f3 de un caso que data de 2007 en el que Alejandro Gertz Manero es protagonista. Todos los casos en los que ha participado directamente la Fiscal\u00eda han sido montajes de Gertz Manero.<\/span><\/p>\n<p><span style=\"font-size: 14pt;\">La gobernadora de Campeche,\u00a0<strong>Layda Sansores San Rom\u00e1n<\/strong><strong>,<\/strong>\u00a0denunci\u00f3 al dirigente nacional del PRI,\u00a0<strong>Alejandro Moreno C\u00e1rdenas<\/strong><b>\u00a0<\/b>y a su hermano\u00a0<strong>Emigdio Moreno\u00a0<\/strong>por asociaciones il\u00edcitas y creaci\u00f3n de empresas fantasma. Y la denuncia est\u00e1 congelada, en el escritorio del Fiscal.<\/span><\/p>\n<p><span style=\"font-size: 14pt;\">Sin duda ser\u00e1 una herencia que manchar\u00e1, desde el primer minuto, la administraci\u00f3n de Claudia Sheinbaum, porque ser\u00e1 necesario removerlo, incluso antes del 1 de octubre y para esa fecha cada d\u00eda falta menos.<\/span><\/p>\n<p><span style=\"font-size: 14pt;\">PEGA Y CORRE.- Es inexplicable el tiempo de entrega recepci\u00f3n de los gobiernos, en sus tres niveles. Anteriormente, eran meses de trabajo, pero tambi\u00e9n de negociaci\u00f3n. Ahora que debe haber transparencia, en este proceso, donde debe darse a conocer sus pormenores de manera precisa y puntual\u2026 Esta columna se publica los lunes, mi\u00e9rcoles y viernes.<\/span><\/p>\n","protected":false},"excerpt":{"rendered":"<p>Por \u00c1ngel \u00c1lvaro Pe\u00f1a Uno de los grandes beneficiados de los programas sociales de la actual administraci\u00f3n es el Fiscal<\/p>\n","protected":false},"author":4,"featured_media":37774,"comment_status":"closed","ping_status":"closed","sticky":false,"template":"","format":"standard","meta":{"colormag_page_container_layout":"default_layout","colormag_page_sidebar_layout":"default_layout","_jetpack_memberships_contains_paid_content":false,"footnotes":"","jetpack_publicize_message":"","jetpack_publicize_feature_enabled":true,"jetpack_social_post_already_shared":false,"jetpack_social_options":{"image_generator_settings":{"template":"highway","default_image_id":0,"font":"","enabled":false},"version":2}},"categories":[26],"tags":[],"class_list":["post-43600","post","type-post","status-publish","format-standard","has-post-thumbnail","hentry","category-columnistas"],"jetpack_publicize_connections":[],"jetpack_featured_media_url":"https:\/\/i0.wp.com\/politicosaldesnudo.com.mx\/wp-content\/uploads\/2024\/05\/LOPEZ-DORIGA-LOGO-2.jpeg?fit=800%2C445&ssl=1","jetpack-related-posts":[],"jetpack_sharing_enabled":true,"_links":{"self":[{"href":"https:\/\/politicosaldesnudo.com.mx\/index.php\/wp-json\/wp\/v2\/posts\/43600","targetHints":{"allow":["GET"]}}],"collection":[{"href":"https:\/\/politicosaldesnudo.com.mx\/index.php\/wp-json\/wp\/v2\/posts"}],"about":[{"href":"https:\/\/politicosaldesnudo.com.mx\/index.php\/wp-json\/wp\/v2\/types\/post"}],"author":[{"embeddable":true,"href":"https:\/\/politicosaldesnudo.com.mx\/index.php\/wp-json\/wp\/v2\/users\/4"}],"replies":[{"embeddable":true,"href":"https:\/\/politicosaldesnudo.com.mx\/index.php\/wp-json\/wp\/v2\/comments?post=43600"}],"version-history":[{"count":0,"href":"https:\/\/politicosaldesnudo.com.mx\/index.php\/wp-json\/wp\/v2\/posts\/43600\/revisions"}],"wp:featuredmedia":[{"embeddable":true,"href":"https:\/\/politicosaldesnudo.com.mx\/index.php\/wp-json\/wp\/v2\/media\/37774"}],"wp:attachment":[{"href":"https:\/\/politicosaldesnudo.com.mx\/index.php\/wp-json\/wp\/v2\/media?parent=43600"}],"wp:term":[{"taxonomy":"category","embeddable":true,"href":"https:\/\/politicosaldesnudo.com.mx\/index.php\/wp-json\/wp\/v2\/categories?post=43600"},{"taxonomy":"post_tag","embeddable":true,"href":"https:\/\/politicosaldesnudo.com.mx\/index.php\/wp-json\/wp\/v2\/tags?post=43600"}],"curies":[{"name":"wp","href":"https:\/\/api.w.org\/{rel}","templated":true}]}}