{"id":43602,"date":"2024-08-07T08:38:15","date_gmt":"2024-08-07T13:38:15","guid":{"rendered":"https:\/\/politicosaldesnudo.com.mx\/?p=43602"},"modified":"2024-08-07T08:38:15","modified_gmt":"2024-08-07T13:38:15","slug":"turismo-en-chiapas-resiente-los-efectos-de-la-violencia-en-la-entidad-2","status":"publish","type":"post","link":"https:\/\/politicosaldesnudo.com.mx\/index.php\/2024\/08\/07\/turismo-en-chiapas-resiente-los-efectos-de-la-violencia-en-la-entidad-2\/","title":{"rendered":"Turismo en Chiapas resiente los efectos de la violencia en la entidad"},"content":{"rendered":"<div>\n<div id=\"content-body-225-12353354\">\n<p><span style=\"font-size: 14pt;\">Debido a la\u00a0violencia que se ha registrado en las regiones de la Sierra Fronteriza y Altos de\u00a0Chiapas, los\u00a0tours\u00a0operadores reportaron una\u00a0baja de entre 30 y 50 por ciento\u00a0en las reservaciones durante el periodo vacacional de verano en comparaci\u00f3n con el mismo periodo de 2023, asegur\u00f3\u00a0Sismondi\u00a0Esparza\u00a0Flores, presidente de la\u00a0Asociaci\u00f3n de Turismo de Reuniones.<\/span><\/p>\n<p><span style=\"font-size: 14pt;\">\u00abPese a los esfuerzos extraordinarios de promoci\u00f3n, s\u00ed hay que comentar que los temas de seguridad nos han afectado mucho.\u00a0Hay un descenso en reservaciones\u00a0comparado con el verano del 2023\u00bb, dijo el representante de las empresas de turismo.<\/span><\/p>\n<\/div>\n<\/div>\n<div>\n<div id=\"dfp-nota-1x1s\" data-google-query-id=\"CNTX8vL_4ocDFaqFpgQd62kKyQ\">\n<div id=\"google_ads_iframe_\/2000002\/la-prensa\/mexico_nota_1x1_0__container__\"><span style=\"font-size: 14pt;\">Esparza Flores precis\u00f3 que muchos turistas optaron por no visitar la entidad, adem\u00e1s de que se registraron algunas\u00a0cancelaciones a causa de la violencia\u00a0que se vivi\u00f3 en las \u00faltimas semanas en la regi\u00f3n\u00a0Sierra Fronteriza, as\u00ed como lo ocurrido durante el mes de junio en el\u00a0municipio de\u00a0Tila.<\/span><\/div>\n<\/div>\n<\/div>\n<article>\n<div id=\"content-body-5851641-12353354\">\n<p><span style=\"font-size: 14pt;\">El representante tur\u00edstico se\u00f1al\u00f3 que en este periodo vacacional se repiti\u00f3 lo ocurrido durante la Semana Santa\u00a0pasada,\u00a0donde a unos d\u00edas de iniciar se registr\u00f3 un hecho violento en la carretera Tuxtla-Ocozocoautla, el cual ocasion\u00f3\u00a0cancelaciones de turistas, por lo que en esta ocasi\u00f3n de nueva cuenta la violencia en distintos sectores caus\u00f3 temor a los visitantes.<\/span><\/p>\n<p><span style=\"font-size: 14pt;\">Ante este panorama, el empresario afirm\u00f3 que existe una generalizaci\u00f3n de la\u00a0violencia en Chiapas, situaci\u00f3n que genera una mala promoci\u00f3n para el estado, por ello la\u00a0Asociaci\u00f3n de Turismo de Reuniones\u00a0realiza una campa\u00f1a con la que busca impulsar los sitios tur\u00edsticos de la entidad que se encuentran fuera de zonas de peligro, los cuales no representan un riesgo para los visitantes.<\/span><\/p>\n<p><span style=\"font-size: 14pt;\">A pesar del\u00a0escenario negativo, destac\u00f3 que\u00a0prev\u00e9n un repunte de visitantes en las semanas que restan de vacaciones\u00a0y con ello igualar los n\u00fameros obtenidos durante el verano de 2023, lo cual \u201cya ser\u00eda una ganancia ante un a\u00f1o que ha sido tan golpeado en el sector turismo\u201d, indic\u00f3.<\/span><\/p>\n<div>\n<div>\n<div>\n<div id=\"standard_4\">\n<div>\n<div><span style=\"font-size: 14pt;\">Sismondi Esparza pidi\u00f3 a la siguiente administraci\u00f3n no cometer los mismos errores del actual gobierno ante la falta de acci\u00f3n y omisi\u00f3n de los hechos violentos registrados en la entidad.<\/span><\/div>\n<\/div>\n<\/div>\n<\/div>\n<\/div>\n<\/div>\n<p><span style=\"font-size: 14pt;\">De acuerdo con el Centro de Derechos Humanos Fray Bartolom\u00e9 de Las Casas, los hechos violentos en el estado se recrudecieron en enero de este a\u00f1o cuando alrededor de dos mil 300 personas de los municipios de Chicomuselo, Socoltenango y La Concordia\u00a0se desplazaron por los enfrentamientos de dos grupos armados, por lo que se refugiaron en la cabecera municipal de\u00a0Tzimol y Comit\u00e1n.<\/span><\/p>\n<p><span style=\"font-size: 14pt;\">Sin embargo, los hechos violentos continuaron en junio en el municipio de Tila, en la regi\u00f3n norte del estado, donde un grupo armado incendi\u00f3 al menos 20 viviendas, 12 veh\u00edculos y ejecut\u00f3 a tres personas, generando que cuatro mil 300 personas dejaran su hogar por m\u00e1s de un mes y buscaran refugio en el municipio de Yajal\u00f3n.<\/span><\/p>\n<p><span style=\"font-size: 14pt;\">Dos semanas antes del periodo vacacional de verano, 600 personas de los municipios de Amatenango de la Frontera y\u00a0Mazapa de Madero\u00a0huyeran a\u00a0Guatemala, debido al reclutamiento forzado de j\u00f3venes por parte del crimen organizado y el ataque con drones.<\/span><\/p>\n<\/div>\n<\/article>\n","protected":false},"excerpt":{"rendered":"<p>Debido a la\u00a0violencia que se ha registrado en las regiones de la Sierra Fronteriza y Altos de\u00a0Chiapas, los\u00a0tours\u00a0operadores reportaron una\u00a0baja<\/p>\n","protected":false},"author":4,"featured_media":43603,"comment_status":"closed","ping_status":"closed","sticky":false,"template":"","format":"standard","meta":{"colormag_page_container_layout":"default_layout","colormag_page_sidebar_layout":"default_layout","_jetpack_memberships_contains_paid_content":false,"footnotes":"","jetpack_publicize_message":"","jetpack_publicize_feature_enabled":true,"jetpack_social_post_already_shared":false,"jetpack_social_options":{"image_generator_settings":{"template":"highway","default_image_id":0,"font":"","enabled":false},"version":2}},"categories":[33],"tags":[],"class_list":["post-43602","post","type-post","status-publish","format-standard","has-post-thumbnail","hentry","category-nacional"],"jetpack_publicize_connections":[],"jetpack_featured_media_url":"https:\/\/i0.wp.com\/politicosaldesnudo.com.mx\/wp-content\/uploads\/2024\/08\/chiapas_aspectos_angel_canseco-1.png?fit=768%2C479&ssl=1","jetpack-related-posts":[],"jetpack_sharing_enabled":true,"_links":{"self":[{"href":"https:\/\/politicosaldesnudo.com.mx\/index.php\/wp-json\/wp\/v2\/posts\/43602","targetHints":{"allow":["GET"]}}],"collection":[{"href":"https:\/\/politicosaldesnudo.com.mx\/index.php\/wp-json\/wp\/v2\/posts"}],"about":[{"href":"https:\/\/politicosaldesnudo.com.mx\/index.php\/wp-json\/wp\/v2\/types\/post"}],"author":[{"embeddable":true,"href":"https:\/\/politicosaldesnudo.com.mx\/index.php\/wp-json\/wp\/v2\/users\/4"}],"replies":[{"embeddable":true,"href":"https:\/\/politicosaldesnudo.com.mx\/index.php\/wp-json\/wp\/v2\/comments?post=43602"}],"version-history":[{"count":0,"href":"https:\/\/politicosaldesnudo.com.mx\/index.php\/wp-json\/wp\/v2\/posts\/43602\/revisions"}],"wp:featuredmedia":[{"embeddable":true,"href":"https:\/\/politicosaldesnudo.com.mx\/index.php\/wp-json\/wp\/v2\/media\/43603"}],"wp:attachment":[{"href":"https:\/\/politicosaldesnudo.com.mx\/index.php\/wp-json\/wp\/v2\/media?parent=43602"}],"wp:term":[{"taxonomy":"category","embeddable":true,"href":"https:\/\/politicosaldesnudo.com.mx\/index.php\/wp-json\/wp\/v2\/categories?post=43602"},{"taxonomy":"post_tag","embeddable":true,"href":"https:\/\/politicosaldesnudo.com.mx\/index.php\/wp-json\/wp\/v2\/tags?post=43602"}],"curies":[{"name":"wp","href":"https:\/\/api.w.org\/{rel}","templated":true}]}}