{"id":43609,"date":"2024-08-07T08:42:54","date_gmt":"2024-08-07T13:42:54","guid":{"rendered":"https:\/\/politicosaldesnudo.com.mx\/?p=43609"},"modified":"2024-08-07T08:42:54","modified_gmt":"2024-08-07T13:42:54","slug":"proyecto-de-segundo-piso-divide-zacatecas-podria-dejar-de-ser-patrimonio-de-la-humanidad-2","status":"publish","type":"post","link":"https:\/\/politicosaldesnudo.com.mx\/index.php\/2024\/08\/07\/proyecto-de-segundo-piso-divide-zacatecas-podria-dejar-de-ser-patrimonio-de-la-humanidad-2\/","title":{"rendered":"Proyecto de Segundo Piso divide Zacatecas: podr\u00eda dejar de ser Patrimonio de la Humanidad"},"content":{"rendered":"<div>\n<div id=\"content-body-225-12353356\">\n<p><span style=\"font-size: 14pt;\">La construcci\u00f3n del segundo piso del bulevar metropolitano de\u00a0Zacatecas, el cual bordea gran parte de la zona declarada Patrimonio Cultural de la Humanidad por la\u00a0Unesco\u00a0hace 30 a\u00f1os, tendr\u00e1 \u201cun impacto visual irreversible en el paisaje y en el bien del Patrimonio Mundial\u201d, advirti\u00f3 en una carta el director del Centro de Patrimonio Mundial de dicho organismo,\u00a0Lazare Eloundou Assomo, de acuerdo a la revisi\u00f3n que recibi\u00f3 del\u00a0Consejo Internacional de Monumentos y Sitios\u00a0(Icomos), la cual se\u00f1ala que la autopista elevada pondr\u00eda en peligro la declaratoria.<\/span><\/p>\n<p><span style=\"font-size: 14pt;\">En la carta dirigida a\u00a0Emma Mar\u00eda Jos\u00e9 Rodr\u00edguez Sifuentes, integrante de la delegaci\u00f3n permanente de M\u00e9xico ante la\u00a0Unesco, se destaca la\u00a0necesidad de realizar una evaluaci\u00f3n completa del impacto en el patrimonio\u00a0\u201cy que mientras tanto no se debe tomar ninguna decisi\u00f3n sobre la ejecuci\u00f3n del viaducto\u201d.<\/span><\/p>\n<\/div>\n<\/div>\n<div>\n<div id=\"dfp-nota-1x3s\" data-google-query-id=\"CIfIgvuA44cDFUv7GAIdSgwY8A\">\n<div id=\"google_ads_iframe_\/2000002\/la-prensa\/mexico_nota_1x3_0__container__\">\n<div id=\"inArticle_1\">\n<div>\n<div>\n<div>\n<div><span style=\"font-size: 14pt;\">Tras hacerse p\u00fablica la misiva, el secretario general de gobierno del estado de Zacatecas,\u00a0Rodrigo\u00a0Reyes Muguerza, defendi\u00f3 el proyecto, el cual contribuir\u00e1, dijo, al desarrollo del estado. \u201cLa visi\u00f3n del gobierno de Zacatecas era dejar atr\u00e1s el rezago, nosotros\u00a0no podemos caer en el secuestro de las decisiones de las pol\u00edticas\u201d, se\u00f1al\u00f3.<\/span><\/div>\n<\/div>\n<\/div>\n<\/div>\n<\/div>\n<\/div>\n<\/div>\n<\/div>\n<article>\n<div id=\"content-body-5851641-12353356\">\n<div>\n<div>\n<div>\n<div id=\"standard_4\">\n<div>\n<div><span style=\"font-size: 14pt;\">El viaducto elevado,\u00a0obra insignia del gobierno de David Monreal \u00c1vila, se ha convertido tambi\u00e9n en el proyecto de infraestructura m\u00e1s pol\u00e9mico y cuestionado de los \u00faltimos a\u00f1os debido a su impacto cultural y econ\u00f3mico.<\/span><\/div>\n<\/div>\n<\/div>\n<\/div>\n<\/div>\n<\/div>\n<p><span style=\"font-size: 14pt;\">El proyecto de\u00a03.3 kil\u00f3metros de longitud\u00a0y m\u00e1s de\u00a010 metros de altura\u00a0se ubicar\u00e1 en la v\u00eda m\u00e1s transitada de la capital, sin embargo, no se ha dado a conocer el motivo por el cual se retras\u00f3 el inicio de la construcci\u00f3n que el gobernador anunci\u00f3 para julio pasado.<\/span><\/p>\n<p><span style=\"font-size: 14pt;\">El segundo piso forma parte del denominado Plan de Movilidad para el Bienestar (Mobi), presentado por David Monreal el pasado 3 de julio<\/span><\/p>\n<p><span style=\"font-size: 14pt;\">De acuerdo con la licitaci\u00f3n de la obra, la cual gan\u00f3 la constructora tabasque\u00f1a\u00a0Calzada Construcci\u00f3n S.A. de C.V.\u00a0con una\u00a0inversi\u00f3n de tres mil 652 millones de pesos.<\/span><\/p>\n<p><span style=\"font-size: 14pt;\">El segundo piso forma parte del denominado\u00a0Plan de Movilidad para el Bienestar\u00a0(Mobi), presentado por\u00a0David Monreal\u00a0el pasado 3 de julio, el cual incluye tambi\u00e9n otras vialidades interconectadas, cruces peatonales y el nuevo sistema de transporte p\u00fablico\u00a0Platab\u00fas, que iniciar\u00eda operaciones en 2025.<\/span><\/p>\n<p><span style=\"font-size: 14pt;\">Para concretar el\u00a0Plan de Movilidad, David Monreal se comprometi\u00f3 a que lo someter\u00eda a consulta con la ciudadan\u00eda, por lo que\u00a0del 8 al 10 de julio la Universidad Aut\u00f3noma de Zacatecas levant\u00f3 una encuesta aplicada a tres mil 929 personas.\u00a0De acuerdo con el\u00a0resultado\u00a0divulgado por el gobierno estatal, el\u00a070 por ciento de la poblaci\u00f3n\u00a0\u201cconsidera que es necesario o muy necesario mejorar la movilidad en la capital\u201d.<\/span><\/p>\n<p><span style=\"font-size: 14pt;\">Sin embargo, los cuestionarios aplicados, principalmente en paradas de\u00a0autobuses\u00a0y\u00a0plazas p\u00fablicas, no incluyeron preguntas que hicieran alusi\u00f3n directa al segundo piso.<\/span><\/p>\n<p><span style=\"font-size: 14pt;\">Declaratoria de Patrimonio de la Humanidad, en riesgo<\/span><\/p>\n<p><span style=\"font-size: 14pt;\">La coordinadora de la\u00a0Comisi\u00f3n para la Revisi\u00f3n del Segundo Piso, de\u00a0Icomos\u00a0M\u00e9xico, Olga Orive Bellinger, advirti\u00f3 en d\u00edas recientes a\u00a0El Sol de Zacatecas\u00a0que la autopista elevada\u00a0pondr\u00eda en peligro la declaratoria de la ciudad como Patrimonio Cultural de la Humanidad.<\/span><\/p>\n<p><span style=\"font-size: 14pt;\">La experta en\u00a0Conservaci\u00f3n y Restauraci\u00f3n de Monumentos\u00a0y Sitios\u00a0afirm\u00f3 que a esta obra se le podr\u00eda aplicar el mismo dictamen elaborado por\u00a0ICOMOS\u00a0en el a\u00f1o 2007 a un proyecto previo de segundo piso que pretendi\u00f3 construir la exgobernadora, Amalia Garc\u00eda Medina, en la misma vialidad, el cual finalmente fue cancelado.<\/span><\/p>\n<\/div>\n<\/article>\n","protected":false},"excerpt":{"rendered":"<p>La construcci\u00f3n del segundo piso del bulevar metropolitano de\u00a0Zacatecas, el cual bordea gran parte de la zona declarada Patrimonio Cultural<\/p>\n","protected":false},"author":4,"featured_media":43610,"comment_status":"closed","ping_status":"closed","sticky":false,"template":"","format":"standard","meta":{"colormag_page_container_layout":"default_layout","colormag_page_sidebar_layout":"default_layout","_jetpack_memberships_contains_paid_content":false,"footnotes":"","jetpack_publicize_message":"","jetpack_publicize_feature_enabled":true,"jetpack_social_post_already_shared":false,"jetpack_social_options":{"image_generator_settings":{"template":"highway","default_image_id":0,"font":"","enabled":false},"version":2}},"categories":[33],"tags":[],"class_list":["post-43609","post","type-post","status-publish","format-standard","has-post-thumbnail","hentry","category-nacional"],"jetpack_publicize_connections":[],"jetpack_featured_media_url":"https:\/\/i0.wp.com\/politicosaldesnudo.com.mx\/wp-content\/uploads\/2024\/08\/Segundo.jpg?fit=768%2C479&ssl=1","jetpack-related-posts":[],"jetpack_sharing_enabled":true,"_links":{"self":[{"href":"https:\/\/politicosaldesnudo.com.mx\/index.php\/wp-json\/wp\/v2\/posts\/43609","targetHints":{"allow":["GET"]}}],"collection":[{"href":"https:\/\/politicosaldesnudo.com.mx\/index.php\/wp-json\/wp\/v2\/posts"}],"about":[{"href":"https:\/\/politicosaldesnudo.com.mx\/index.php\/wp-json\/wp\/v2\/types\/post"}],"author":[{"embeddable":true,"href":"https:\/\/politicosaldesnudo.com.mx\/index.php\/wp-json\/wp\/v2\/users\/4"}],"replies":[{"embeddable":true,"href":"https:\/\/politicosaldesnudo.com.mx\/index.php\/wp-json\/wp\/v2\/comments?post=43609"}],"version-history":[{"count":0,"href":"https:\/\/politicosaldesnudo.com.mx\/index.php\/wp-json\/wp\/v2\/posts\/43609\/revisions"}],"wp:featuredmedia":[{"embeddable":true,"href":"https:\/\/politicosaldesnudo.com.mx\/index.php\/wp-json\/wp\/v2\/media\/43610"}],"wp:attachment":[{"href":"https:\/\/politicosaldesnudo.com.mx\/index.php\/wp-json\/wp\/v2\/media?parent=43609"}],"wp:term":[{"taxonomy":"category","embeddable":true,"href":"https:\/\/politicosaldesnudo.com.mx\/index.php\/wp-json\/wp\/v2\/categories?post=43609"},{"taxonomy":"post_tag","embeddable":true,"href":"https:\/\/politicosaldesnudo.com.mx\/index.php\/wp-json\/wp\/v2\/tags?post=43609"}],"curies":[{"name":"wp","href":"https:\/\/api.w.org\/{rel}","templated":true}]}}