{"id":43629,"date":"2024-08-07T12:11:42","date_gmt":"2024-08-07T17:11:42","guid":{"rendered":"https:\/\/politicosaldesnudo.com.mx\/?p=43629"},"modified":"2024-08-07T12:11:42","modified_gmt":"2024-08-07T17:11:42","slug":"elogio-a-las-reglas-del-derecho","status":"publish","type":"post","link":"https:\/\/politicosaldesnudo.com.mx\/index.php\/2024\/08\/07\/elogio-a-las-reglas-del-derecho\/","title":{"rendered":"ELOGIO A LAS REGLAS DEL DERECHO"},"content":{"rendered":"<p><span style=\"font-size: 14pt;\">Es de elogiarse aquella regla del Derecho que dice: \u201cel que una vez dado por malo, siempre lo deben de tener por tal, hasta que pruebe lo contrario\u201d. Semel malus semper praesumitur malus.<\/span><\/p>\n<p><span style=\"font-size: 14pt;\">Desde los inicios de la Cuarta Transformaci\u00f3n de la Naci\u00f3n, el Poder Judicial Federal apareci\u00f3 como el m\u00e1s agredido y m\u00e1s afectado, debido a aquellas resoluciones emitidas para poner coto a la forma de violentar los preceptos de nuestra Carga Magna por parte del Primer Magistrado de la Rep\u00fablica, desde la apertura de esa gobernanza se pretendi\u00f3 someter al poder de la justicia.<\/span><\/p>\n<p><span style=\"font-size: 14pt;\">Desde aquellos a\u00f1os, pese al gen\u00e9rico comportamiento de muchos afines a Andr\u00e9s Manuel L\u00f3pez Obrador, result\u00f3 de magna importancia la contribuci\u00f3n a la justicia que efectu\u00f3 el talento de un n\u00facleo activo de jueces de distrito y magistrados federales. Sin embargo, y no obstante esas decisiones jurisdiccionales, el advenimiento del r\u00e9gimen del Movimiento de Regeneraci\u00f3n Nacional (MORENA) no ha modificado en lo esencial su pretensi\u00f3n de destruir al Poder Judicial Federal.<\/span><\/p>\n<p><span style=\"font-size: 14pt;\">Esa manera de gobernar, legislar y opinar se ha convertido en el m\u00e1s tenaz enemigo de la justicia, de la dignidad y de la independencia exigible por la Separaci\u00f3n de Poderes, por la administraci\u00f3n de justicia y por el decoro institucional. Esa forma de mandatar pretende que nuestros se\u00f1ores impartidores de justicia se conviertan en jueces, funcionarios y titulares de un poder sometido y represivo.<\/span><\/p>\n<p><span style=\"font-size: 14pt;\">Esa es la exigencia directa del Jefe Supremo de las Fuerzas Armadas, cuando lo que requiere nuestra Constituci\u00f3n Pol\u00edtica de los Estados Unidos Mexicanos, b\u00e1sicamente, es lo contrario. Nuestra Ley de Leyes estipula una definida independencia de la justicia frente a todos los dem\u00e1s poderes-p\u00fablicos, as\u00ed sean \u00e9stos los de la narco-pol\u00edtica.<\/span><\/p>\n<p><span style=\"font-size: 14pt;\">Si en esos seis azarosos a\u00f1os de gobierno, se hubiera seguido el pensamiento de Don Ricardo Franco Guzm\u00e1n: \u201cpara regenerar a nuestra Rep\u00fablica se necesita que los Tres Poderes de la Uni\u00f3n cumplan de manera cabal con el deber que les impone nuestra Constituci\u00f3n\u201d, otra percepci\u00f3n habr\u00eda de esa forma de gobernar.<\/span><\/p>\n<p><span style=\"font-size: 14pt;\">La Academia de Derecho Penal del Colegio Nacional de Abogados Foro de M\u00e9xico, seguir\u00e1 pugnando para que la realidad de nuestros jueces siga siendo la imagen del tutelador de los derechos y libertades de los mexicanos, que es lo que la Suprema Ley resalta como funci\u00f3n imprescindible en una sociedad donde se respete la Democracia.<\/span><\/p>\n<p>&nbsp;<\/p>\n<p><span style=\"font-size: 14pt;\">Es cu\u00e1nto.<\/span><\/p>\n<p><span style=\"font-size: 14pt;\">Lic. Alberto Woolrich Ort\u00edz.<\/span><\/p>\n","protected":false},"excerpt":{"rendered":"<p>Es de elogiarse aquella regla del Derecho que dice: \u201cel que una vez dado por malo, siempre lo deben de<\/p>\n","protected":false},"author":4,"featured_media":3845,"comment_status":"closed","ping_status":"closed","sticky":false,"template":"","format":"standard","meta":{"colormag_page_container_layout":"default_layout","colormag_page_sidebar_layout":"default_layout","_jetpack_memberships_contains_paid_content":false,"footnotes":"","jetpack_publicize_message":"","jetpack_publicize_feature_enabled":true,"jetpack_social_post_already_shared":false,"jetpack_social_options":{"image_generator_settings":{"template":"highway","default_image_id":0,"font":"","enabled":false},"version":2}},"categories":[26],"tags":[],"class_list":["post-43629","post","type-post","status-publish","format-standard","has-post-thumbnail","hentry","category-columnistas"],"jetpack_publicize_connections":[],"jetpack_featured_media_url":"https:\/\/i0.wp.com\/politicosaldesnudo.com.mx\/wp-content\/uploads\/2022\/04\/CABEZAL-ALBERTO-WOOD.png?fit=1816%2C1016&ssl=1","jetpack-related-posts":[],"jetpack_sharing_enabled":true,"_links":{"self":[{"href":"https:\/\/politicosaldesnudo.com.mx\/index.php\/wp-json\/wp\/v2\/posts\/43629","targetHints":{"allow":["GET"]}}],"collection":[{"href":"https:\/\/politicosaldesnudo.com.mx\/index.php\/wp-json\/wp\/v2\/posts"}],"about":[{"href":"https:\/\/politicosaldesnudo.com.mx\/index.php\/wp-json\/wp\/v2\/types\/post"}],"author":[{"embeddable":true,"href":"https:\/\/politicosaldesnudo.com.mx\/index.php\/wp-json\/wp\/v2\/users\/4"}],"replies":[{"embeddable":true,"href":"https:\/\/politicosaldesnudo.com.mx\/index.php\/wp-json\/wp\/v2\/comments?post=43629"}],"version-history":[{"count":0,"href":"https:\/\/politicosaldesnudo.com.mx\/index.php\/wp-json\/wp\/v2\/posts\/43629\/revisions"}],"wp:featuredmedia":[{"embeddable":true,"href":"https:\/\/politicosaldesnudo.com.mx\/index.php\/wp-json\/wp\/v2\/media\/3845"}],"wp:attachment":[{"href":"https:\/\/politicosaldesnudo.com.mx\/index.php\/wp-json\/wp\/v2\/media?parent=43629"}],"wp:term":[{"taxonomy":"category","embeddable":true,"href":"https:\/\/politicosaldesnudo.com.mx\/index.php\/wp-json\/wp\/v2\/categories?post=43629"},{"taxonomy":"post_tag","embeddable":true,"href":"https:\/\/politicosaldesnudo.com.mx\/index.php\/wp-json\/wp\/v2\/tags?post=43629"}],"curies":[{"name":"wp","href":"https:\/\/api.w.org\/{rel}","templated":true}]}}