{"id":43742,"date":"2024-08-09T08:41:24","date_gmt":"2024-08-09T13:41:24","guid":{"rendered":"https:\/\/politicosaldesnudo.com.mx\/?p=43742"},"modified":"2024-08-09T08:41:24","modified_gmt":"2024-08-09T13:41:24","slug":"precios-al-consumidor-de-china-suben-en-julio-mas-de-lo-previsto","status":"publish","type":"post","link":"https:\/\/politicosaldesnudo.com.mx\/index.php\/2024\/08\/09\/precios-al-consumidor-de-china-suben-en-julio-mas-de-lo-previsto\/","title":{"rendered":"Precios al consumidor de China suben en julio m\u00e1s de lo previsto"},"content":{"rendered":"<p><span style=\"font-size: 14pt;\">El \u00cdndice de Precios al Consumidor (IPC) subi\u00f3 en julio 0.5% respecto al a\u00f1o anterior, frente al avance del 0.2% de junio, inform\u00f3 el viernes la Oficina Nacional de Estad\u00edstica (ONE), superando el 0.3% de aumento previsto en una encuesta de Reuters entre economistas.<\/span><\/p>\n<p><span style=\"font-size: 14pt;\">Los precios al consumidor en China subieron en julio a un ritmo superior al previsto, mientras que persisti\u00f3 la deflaci\u00f3n de los precios al productor, en un momento en que Pek\u00edn refuerza el apoyo a su fr\u00e1gil sector de consumo ante la debilidad de la recuperaci\u00f3n econ\u00f3mica.<\/span><\/p>\n<p><span style=\"font-size: 14pt;\">Los datos se conocen tras la contracci\u00f3n de la actividad manufacturera y suscitan preocupaci\u00f3n por las perspectivas de las exportaciones, en un momento de d\u00e9bil demanda interna que ha lastrado a la segunda econom\u00eda mundial.<\/span><\/p>\n<p><span style=\"font-size: 14pt;\">El \u00cdndice de Precios al Consumidor (IPC) subi\u00f3 en julio 0.5% respecto al a\u00f1o anterior, frente al avance del 0.2% de junio, inform\u00f3 el viernes la Oficina Nacional de Estad\u00edstica (ONE), superando el 0.3% de aumento previsto en una encuesta de Reuters entre economistas.<\/span><\/p>\n<p><span style=\"font-size: 14pt;\">La inflaci\u00f3n subyacente, que excluye los vol\u00e1tiles precios de los alimentos y el combustible, aument\u00f3 0.4% en julio, frente al 0.6% de junio. En t\u00e9rminos intermensuales, el IPC creci\u00f3 un 0.5%, frente a una ca\u00edda del 0.2% en junio y un alza prevista del 0.3%.<\/span><\/p>\n<p><span style=\"font-size: 14pt;\">Las altas temperaturas y las lluvias ca\u00eddas en algunas zonas el mes pasado hicieron subir los precios de los alimentos, lo que contribuy\u00f3 en parte a la recuperaci\u00f3n mensual del crecimiento, seg\u00fan Dong Lijuan, estad\u00edstico de la ONE.<\/span><\/p>\n<p><span style=\"font-size: 14pt;\">La debilidad de la demanda interna se ha convertido en uno de los principales puntos d\u00e9biles de la econom\u00eda, mientras que las esperanzas de una recuperaci\u00f3n impulsada por las exportaciones tambi\u00e9n se han visto mermadas por las crecientes tensiones comerciales con Occidente, los aranceles sobre los productos chinos y el temor a una recesi\u00f3n en Estados Unidos.<\/span><\/p>\n","protected":false},"excerpt":{"rendered":"<p>El \u00cdndice de Precios al Consumidor (IPC) subi\u00f3 en julio 0.5% respecto al a\u00f1o anterior, frente al avance del 0.2%<\/p>\n","protected":false},"author":4,"featured_media":43743,"comment_status":"closed","ping_status":"closed","sticky":false,"template":"","format":"standard","meta":{"colormag_page_container_layout":"default_layout","colormag_page_sidebar_layout":"default_layout","_jetpack_memberships_contains_paid_content":false,"footnotes":"","jetpack_publicize_message":"","jetpack_publicize_feature_enabled":true,"jetpack_social_post_already_shared":false,"jetpack_social_options":{"image_generator_settings":{"template":"highway","default_image_id":0,"font":"","enabled":false},"version":2}},"categories":[2050],"tags":[],"class_list":["post-43742","post","type-post","status-publish","format-standard","has-post-thumbnail","hentry","category-economia"],"jetpack_publicize_connections":[],"jetpack_featured_media_url":"https:\/\/i0.wp.com\/politicosaldesnudo.com.mx\/wp-content\/uploads\/2024\/08\/china_x2x.jpg_185051853.jpg?fit=1200%2C720&ssl=1","jetpack-related-posts":[],"jetpack_sharing_enabled":true,"_links":{"self":[{"href":"https:\/\/politicosaldesnudo.com.mx\/index.php\/wp-json\/wp\/v2\/posts\/43742","targetHints":{"allow":["GET"]}}],"collection":[{"href":"https:\/\/politicosaldesnudo.com.mx\/index.php\/wp-json\/wp\/v2\/posts"}],"about":[{"href":"https:\/\/politicosaldesnudo.com.mx\/index.php\/wp-json\/wp\/v2\/types\/post"}],"author":[{"embeddable":true,"href":"https:\/\/politicosaldesnudo.com.mx\/index.php\/wp-json\/wp\/v2\/users\/4"}],"replies":[{"embeddable":true,"href":"https:\/\/politicosaldesnudo.com.mx\/index.php\/wp-json\/wp\/v2\/comments?post=43742"}],"version-history":[{"count":0,"href":"https:\/\/politicosaldesnudo.com.mx\/index.php\/wp-json\/wp\/v2\/posts\/43742\/revisions"}],"wp:featuredmedia":[{"embeddable":true,"href":"https:\/\/politicosaldesnudo.com.mx\/index.php\/wp-json\/wp\/v2\/media\/43743"}],"wp:attachment":[{"href":"https:\/\/politicosaldesnudo.com.mx\/index.php\/wp-json\/wp\/v2\/media?parent=43742"}],"wp:term":[{"taxonomy":"category","embeddable":true,"href":"https:\/\/politicosaldesnudo.com.mx\/index.php\/wp-json\/wp\/v2\/categories?post=43742"},{"taxonomy":"post_tag","embeddable":true,"href":"https:\/\/politicosaldesnudo.com.mx\/index.php\/wp-json\/wp\/v2\/tags?post=43742"}],"curies":[{"name":"wp","href":"https:\/\/api.w.org\/{rel}","templated":true}]}}