{"id":43745,"date":"2024-08-09T08:43:05","date_gmt":"2024-08-09T13:43:05","guid":{"rendered":"https:\/\/politicosaldesnudo.com.mx\/?p=43745"},"modified":"2024-08-09T08:43:05","modified_gmt":"2024-08-09T13:43:05","slug":"ganaderos-esperan-vender-mucho","status":"publish","type":"post","link":"https:\/\/politicosaldesnudo.com.mx\/index.php\/2024\/08\/09\/ganaderos-esperan-vender-mucho\/","title":{"rendered":"Ganaderos esperan vender mucho"},"content":{"rendered":"<p><span style=\"font-size: 14pt;\">Los productores ganaderos de Tuxpan y la regi\u00f3n ven con optimismo la posibilidad de recuperar parte de las p\u00e9rdidas sufridas durante la prolongada sequ\u00eda que azot\u00f3 la zona en meses anteriores, por ello llegan con \u00e1nimo renovado a exponer sus mejores animales para venderlos a los terrenos de la feria.<\/span><\/p>\n<p><span style=\"font-size: 14pt;\">Tras un periodo de escasez de agua y alimento, el ganado experiment\u00f3 una considerable disminuci\u00f3n de peso, afectando directamente la producci\u00f3n y las ganancias de los productores, adem\u00e1s de la sufirir la muerte de varios animales.<\/span><\/p>\n<p><span style=\"font-size: 14pt;\">Sin embargo, con la llegada de las lluvias y el restablecimiento de los pastos, los ganaderos vieron que sus animales recuperaban peso y condici\u00f3n f\u00edsica, lo que les permitir\u00e1 comercializarlos a mejores precios.<\/span><\/p>\n<p><span style=\"font-size: 14pt;\">De acuerdo a comentarios del Presidente de la Asociaci\u00f3n ganadera local; Enrique Quiroz, hay buenas expectativas de comercializaci\u00f3n durante la feria, puesto que siempre han tenido excelentes resultados, al ser la uno del estado en venta de animales y por que los productores tienen muchas esperanzas.<\/span><\/p>\n<p><span style=\"font-size: 14pt;\">\u00abLa sequ\u00eda fue un duro golpe para nuestra actividad, pero estamos trabajando arduamente para salir adelante, confiamos en que las ventas se incrementen en los pr\u00f3ximos meses\u00bb, agreg\u00f3.<\/span><\/p>\n<p><span style=\"font-size: 14pt;\">La sequ\u00eda no solo impact\u00f3 en la producci\u00f3n ganadera, sino tambi\u00e9n en la econom\u00eda local, ya que la ganader\u00eda es una de las principales actividades productivas de la regi\u00f3n, por lo que se espera que la recuperaci\u00f3n del sector contribuya a la reactivaci\u00f3n econ\u00f3mica de Tuxpan y sus alrededores.<\/span><\/p>\n","protected":false},"excerpt":{"rendered":"<p>Los productores ganaderos de Tuxpan y la regi\u00f3n ven con optimismo la posibilidad de recuperar parte de las p\u00e9rdidas sufridas<\/p>\n","protected":false},"author":4,"featured_media":43746,"comment_status":"closed","ping_status":"closed","sticky":false,"template":"","format":"standard","meta":{"colormag_page_container_layout":"default_layout","colormag_page_sidebar_layout":"default_layout","_jetpack_memberships_contains_paid_content":false,"footnotes":"","jetpack_publicize_message":"","jetpack_publicize_feature_enabled":true,"jetpack_social_post_already_shared":false,"jetpack_social_options":{"image_generator_settings":{"template":"highway","default_image_id":0,"font":"","enabled":false},"version":2}},"categories":[1082],"tags":[],"class_list":["post-43745","post","type-post","status-publish","format-standard","has-post-thumbnail","hentry","category-tuxpan"],"jetpack_publicize_connections":[],"jetpack_featured_media_url":"https:\/\/i0.wp.com\/politicosaldesnudo.com.mx\/wp-content\/uploads\/2024\/08\/ganderos.jpg?fit=1600%2C1200&ssl=1","jetpack-related-posts":[],"jetpack_sharing_enabled":true,"_links":{"self":[{"href":"https:\/\/politicosaldesnudo.com.mx\/index.php\/wp-json\/wp\/v2\/posts\/43745","targetHints":{"allow":["GET"]}}],"collection":[{"href":"https:\/\/politicosaldesnudo.com.mx\/index.php\/wp-json\/wp\/v2\/posts"}],"about":[{"href":"https:\/\/politicosaldesnudo.com.mx\/index.php\/wp-json\/wp\/v2\/types\/post"}],"author":[{"embeddable":true,"href":"https:\/\/politicosaldesnudo.com.mx\/index.php\/wp-json\/wp\/v2\/users\/4"}],"replies":[{"embeddable":true,"href":"https:\/\/politicosaldesnudo.com.mx\/index.php\/wp-json\/wp\/v2\/comments?post=43745"}],"version-history":[{"count":0,"href":"https:\/\/politicosaldesnudo.com.mx\/index.php\/wp-json\/wp\/v2\/posts\/43745\/revisions"}],"wp:featuredmedia":[{"embeddable":true,"href":"https:\/\/politicosaldesnudo.com.mx\/index.php\/wp-json\/wp\/v2\/media\/43746"}],"wp:attachment":[{"href":"https:\/\/politicosaldesnudo.com.mx\/index.php\/wp-json\/wp\/v2\/media?parent=43745"}],"wp:term":[{"taxonomy":"category","embeddable":true,"href":"https:\/\/politicosaldesnudo.com.mx\/index.php\/wp-json\/wp\/v2\/categories?post=43745"},{"taxonomy":"post_tag","embeddable":true,"href":"https:\/\/politicosaldesnudo.com.mx\/index.php\/wp-json\/wp\/v2\/tags?post=43745"}],"curies":[{"name":"wp","href":"https:\/\/api.w.org\/{rel}","templated":true}]}}