{"id":43748,"date":"2024-08-09T08:44:34","date_gmt":"2024-08-09T13:44:34","guid":{"rendered":"https:\/\/politicosaldesnudo.com.mx\/?p=43748"},"modified":"2024-08-09T08:44:34","modified_gmt":"2024-08-09T13:44:34","slug":"aun-podria-haber-canicula","status":"publish","type":"post","link":"https:\/\/politicosaldesnudo.com.mx\/index.php\/2024\/08\/09\/aun-podria-haber-canicula\/","title":{"rendered":"A\u00fan podr\u00eda haber Can\u00edcula"},"content":{"rendered":"<p><span style=\"font-size: 14pt;\">Expertos meteorol\u00f3gicos y personal de salud esperan que la Can\u00edcula de este a\u00f1o no se presente, aunque despu\u00e9s de las lluvias se sientan fuertes calores en este municipio, lo que quiz\u00e1s logre retrasar los efectos que este periodo\u00a0 trae a la poblaci\u00f3n.<\/span><\/p>\n<p><span style=\"font-size: 14pt;\">Dicho fen\u00f3meno llamado Can\u00edcula, suele registrarse principalmente en los estado de Oaxaca, Chiapas, Tabasco, Tamaulipas, Quintana Roo y\u00a0Veracruz, comienza a mediadios del mes de julio y permanece 40 d\u00edas, hasta mediados de agosto, pero como las lluvias de este a\u00f1o se retrasaron, las condiciones de calor extremo que lo ocasiona bajaron considerablemente.<\/span><\/p>\n<p><span style=\"font-size: 14pt;\">Ciudadanos se\u00f1alaron que a pesar del calor que se siente, esperan que ya no haya can\u00edcula, aunque los efectos originados por el cambio clim\u00e1tico han sido muy variables en los \u00faltimos a\u00f1os.<\/span><\/p>\n<p><span style=\"font-size: 14pt;\">La can\u00edcula es un fen\u00f3meno clim\u00e1tico caracterizado por un periodo de altas temperaturas, cielos despejados y escasas lluvias, este evento se presenta durante el verano y es especialmente notable en ciertas regiones del mundo, los term\u00f3metros suelen marcar valores superiores a los 37 grados Celsius.<\/span><\/p>\n<p><span style=\"font-size: 14pt;\">A pregunta expresa a los expertos, sobre si el fen\u00f3meno no se adelant\u00f3, cuando se presentaron calores extremos, afirmaron que no, puesto que aquello se debi\u00f3 a olas de calor, mientras que la can\u00edcula se produce debido a la combinaci\u00f3n de factores atmosf\u00e9ricos y geogr\u00e1ficos, como la posici\u00f3n del sol, los sistemas de alta presi\u00f3n y las caracter\u00edsticas de cada regi\u00f3n.<\/span><\/p>\n","protected":false},"excerpt":{"rendered":"<p>Expertos meteorol\u00f3gicos y personal de salud esperan que la Can\u00edcula de este a\u00f1o no se presente, aunque despu\u00e9s de las<\/p>\n","protected":false},"author":4,"featured_media":43749,"comment_status":"closed","ping_status":"closed","sticky":false,"template":"","format":"standard","meta":{"colormag_page_container_layout":"default_layout","colormag_page_sidebar_layout":"default_layout","_jetpack_memberships_contains_paid_content":false,"footnotes":"","jetpack_publicize_message":"","jetpack_publicize_feature_enabled":true,"jetpack_social_post_already_shared":false,"jetpack_social_options":{"image_generator_settings":{"template":"highway","default_image_id":0,"font":"","enabled":false},"version":2}},"categories":[1082],"tags":[],"class_list":["post-43748","post","type-post","status-publish","format-standard","has-post-thumbnail","hentry","category-tuxpan"],"jetpack_publicize_connections":[],"jetpack_featured_media_url":"https:\/\/i0.wp.com\/politicosaldesnudo.com.mx\/wp-content\/uploads\/2024\/08\/4b-1.jpg?fit=1200%2C674&ssl=1","jetpack-related-posts":[],"jetpack_sharing_enabled":true,"_links":{"self":[{"href":"https:\/\/politicosaldesnudo.com.mx\/index.php\/wp-json\/wp\/v2\/posts\/43748","targetHints":{"allow":["GET"]}}],"collection":[{"href":"https:\/\/politicosaldesnudo.com.mx\/index.php\/wp-json\/wp\/v2\/posts"}],"about":[{"href":"https:\/\/politicosaldesnudo.com.mx\/index.php\/wp-json\/wp\/v2\/types\/post"}],"author":[{"embeddable":true,"href":"https:\/\/politicosaldesnudo.com.mx\/index.php\/wp-json\/wp\/v2\/users\/4"}],"replies":[{"embeddable":true,"href":"https:\/\/politicosaldesnudo.com.mx\/index.php\/wp-json\/wp\/v2\/comments?post=43748"}],"version-history":[{"count":0,"href":"https:\/\/politicosaldesnudo.com.mx\/index.php\/wp-json\/wp\/v2\/posts\/43748\/revisions"}],"wp:featuredmedia":[{"embeddable":true,"href":"https:\/\/politicosaldesnudo.com.mx\/index.php\/wp-json\/wp\/v2\/media\/43749"}],"wp:attachment":[{"href":"https:\/\/politicosaldesnudo.com.mx\/index.php\/wp-json\/wp\/v2\/media?parent=43748"}],"wp:term":[{"taxonomy":"category","embeddable":true,"href":"https:\/\/politicosaldesnudo.com.mx\/index.php\/wp-json\/wp\/v2\/categories?post=43748"},{"taxonomy":"post_tag","embeddable":true,"href":"https:\/\/politicosaldesnudo.com.mx\/index.php\/wp-json\/wp\/v2\/tags?post=43748"}],"curies":[{"name":"wp","href":"https:\/\/api.w.org\/{rel}","templated":true}]}}