{"id":43751,"date":"2024-08-09T08:47:08","date_gmt":"2024-08-09T13:47:08","guid":{"rendered":"https:\/\/politicosaldesnudo.com.mx\/?p=43751"},"modified":"2024-08-09T08:47:08","modified_gmt":"2024-08-09T13:47:08","slug":"preparan-rodada-por-la-salud-2","status":"publish","type":"post","link":"https:\/\/politicosaldesnudo.com.mx\/index.php\/2024\/08\/09\/preparan-rodada-por-la-salud-2\/","title":{"rendered":"Preparan rodada por la salud"},"content":{"rendered":"<p><span style=\"font-size: 14pt;\">\u2022 Playeras gratis a las 200 primeras personas que se inscriban y rifa de regalos para los participantes.<\/span><\/p>\n<p><span style=\"font-size: 14pt;\">La Secretar\u00eda de Salud, los Servicios de Salud de Veracruz (SESVER), el H. Ayuntamiento y DIF Tuxpan invitan a la Rodada 6 K, que se realizar\u00e1 el lunes 12 de agosto, a las 18:00 horas, partiendo de la Unidad Deportiva \u201cEnrique Valdez Constantino\u201d.<\/span><\/p>\n<p><span style=\"font-size: 14pt;\">Esta rodada se realiza en el marco de la Semana Nacional de Salud P\u00fablica 2024, que precisamente inicia en Tuxpan, el lunes 12 de agosto, a las 09:00 horas, en la Unidad Deportiva.<\/span><\/p>\n<p><span style=\"font-size: 14pt;\">Se regalar\u00e1n playeras a las primeras 200 personas que se inscriban. Adem\u00e1s, habr\u00e1 rifa de regalos para los participantes.<\/span><\/p>\n<p><span style=\"font-size: 14pt;\">El recorrido se realizar\u00e1 por todo el bulevar, con retorno frente a la presidencia municipal y meta en el lugar de partida.<\/span><\/p>\n<p><span style=\"font-size: 14pt;\">Es importante que todas y todos usen casco, como medida de protecci\u00f3n. El Registro podr\u00e1 realizarse escaneando el c\u00f3digo QR que aparece en la imagen.<\/span><\/p>\n<p><span style=\"font-size: 14pt;\">\u00a1Ponte a mano con tu salud! Participa con toda la familia en esta Rodada 6 K.<\/span><\/p>\n","protected":false},"excerpt":{"rendered":"<p>\u2022 Playeras gratis a las 200 primeras personas que se inscriban y rifa de regalos para los participantes. La Secretar\u00eda<\/p>\n","protected":false},"author":4,"featured_media":43752,"comment_status":"closed","ping_status":"closed","sticky":false,"template":"","format":"standard","meta":{"colormag_page_container_layout":"default_layout","colormag_page_sidebar_layout":"default_layout","_jetpack_memberships_contains_paid_content":false,"footnotes":"","jetpack_publicize_message":"","jetpack_publicize_feature_enabled":true,"jetpack_social_post_already_shared":false,"jetpack_social_options":{"image_generator_settings":{"template":"highway","default_image_id":0,"font":"","enabled":false},"version":2}},"categories":[3205,1082],"tags":[],"class_list":["post-43751","post","type-post","status-publish","format-standard","has-post-thumbnail","hentry","category-gobierno-tuxpan","category-tuxpan"],"jetpack_publicize_connections":[],"jetpack_featured_media_url":"https:\/\/i0.wp.com\/politicosaldesnudo.com.mx\/wp-content\/uploads\/2024\/08\/tuxpan-ok.jpg?fit=1280%2C720&ssl=1","jetpack-related-posts":[],"jetpack_sharing_enabled":true,"_links":{"self":[{"href":"https:\/\/politicosaldesnudo.com.mx\/index.php\/wp-json\/wp\/v2\/posts\/43751","targetHints":{"allow":["GET"]}}],"collection":[{"href":"https:\/\/politicosaldesnudo.com.mx\/index.php\/wp-json\/wp\/v2\/posts"}],"about":[{"href":"https:\/\/politicosaldesnudo.com.mx\/index.php\/wp-json\/wp\/v2\/types\/post"}],"author":[{"embeddable":true,"href":"https:\/\/politicosaldesnudo.com.mx\/index.php\/wp-json\/wp\/v2\/users\/4"}],"replies":[{"embeddable":true,"href":"https:\/\/politicosaldesnudo.com.mx\/index.php\/wp-json\/wp\/v2\/comments?post=43751"}],"version-history":[{"count":0,"href":"https:\/\/politicosaldesnudo.com.mx\/index.php\/wp-json\/wp\/v2\/posts\/43751\/revisions"}],"wp:featuredmedia":[{"embeddable":true,"href":"https:\/\/politicosaldesnudo.com.mx\/index.php\/wp-json\/wp\/v2\/media\/43752"}],"wp:attachment":[{"href":"https:\/\/politicosaldesnudo.com.mx\/index.php\/wp-json\/wp\/v2\/media?parent=43751"}],"wp:term":[{"taxonomy":"category","embeddable":true,"href":"https:\/\/politicosaldesnudo.com.mx\/index.php\/wp-json\/wp\/v2\/categories?post=43751"},{"taxonomy":"post_tag","embeddable":true,"href":"https:\/\/politicosaldesnudo.com.mx\/index.php\/wp-json\/wp\/v2\/tags?post=43751"}],"curies":[{"name":"wp","href":"https:\/\/api.w.org\/{rel}","templated":true}]}}