{"id":43766,"date":"2024-08-09T09:03:42","date_gmt":"2024-08-09T14:03:42","guid":{"rendered":"https:\/\/politicosaldesnudo.com.mx\/?p=43766"},"modified":"2024-08-09T09:03:42","modified_gmt":"2024-08-09T14:03:42","slug":"municipio-de-bacalar-lanza-cartelera-de-eventos-culturales-2024","status":"publish","type":"post","link":"https:\/\/politicosaldesnudo.com.mx\/index.php\/2024\/08\/09\/municipio-de-bacalar-lanza-cartelera-de-eventos-culturales-2024\/","title":{"rendered":"Municipio de Bacalar lanza cartelera de eventos culturales 2024"},"content":{"rendered":"<div class=\"content-body clearfix \">\n<div id=\"content-body-225-12367532\">\n<p><span style=\"font-size: 14pt;\">El municipio de Bacalar dio a conocer la cartelera de eventos culturales y tradicionales 2024, con el objetivo de atraer el inter\u00e9s de los turistas nacionales y extranjeros, que se realizar\u00e1n en el mencionado municipio del 15 agosto al 20 de octubre en diferentes etapas, proyectando as\u00ed a este Pueblo M\u00e1gico.<\/span><\/p>\n<p><span style=\"font-size: 14pt;\">El presidente municipal de Bacalar, Jos\u00e9 Alfredo Contreras M\u00e9ndez, habl\u00f3 en conferencia de prensa sobre la Programaci\u00f3n de la Tradicional Expo Feria de San Joaquin Bacalar, el Primer Encuentro Internacional de Danz\u00f3n Bacalar y anunci\u00f3 el 5to Premio Internacional de Coreograf\u00eda 3D\/60\u00b0.<\/span><\/p>\n<\/div>\n<\/div>\n<div class=\"advertisment \">\n<div id=\"dfp-nota-1x3s\" data-google-query-id=\"CIK6hpeJ6IcDFY6ipgQd5QsWIA\">\n<div id=\"google_ads_iframe_\/2000002\/la-prensa\/mexico_nota_1x3_0__container__\"><span style=\"font-size: 14pt;\">El representante del municipio, habl\u00f3 sobre el inter\u00e9s de incrementar la demanda turistica hacia este destino, \u00abposicion\u00e1ndolo como un lugar atractivo y \u00fanico en el pa\u00eds\u00bb, adem\u00e1s de los sitios y actividades ya tradicionales.<\/span><\/div>\n<\/div>\n<\/div>\n<article class=\"content-continued-body clearfix \">\n<div id=\"content-body-5851641-12367532\">\n<p><span style=\"font-size: 14pt;\">La Expo Feria de San Joaqu\u00edn Bacalar 2024, es uno de los eventos repr\u00e9sentativos de la regi\u00f3n que se celebra cada a\u00f1o en honor al Santo Patrono de Bacalar, ofreciendo una combinaci\u00f3n \u00fanica de tradiciones, cultura, m\u00fasica. Se llevar\u00e1 a cabo del 15 al 21 de agosto, y diversi\u00f3n que atrae tanto a locales como a visitantes de todo el pa\u00eds y del extranjero.<\/span><\/p>\n<p><span style=\"font-size: 14pt;\">La Cabalgata Federada Internacional, una de las actividades m\u00e1s representativas que contar\u00e1 con la participaci\u00f3n de m\u00e1s de 1000 cabalgantes y simboliza la uni\u00f3n al igual que la tradici\u00f3n ecuestre de la regi\u00f3n.<\/span><\/p>\n<\/div>\n<\/article>\n","protected":false},"excerpt":{"rendered":"<p>El municipio de Bacalar dio a conocer la cartelera de eventos culturales y tradicionales 2024, con el objetivo de atraer<\/p>\n","protected":false},"author":4,"featured_media":43767,"comment_status":"closed","ping_status":"closed","sticky":false,"template":"","format":"standard","meta":{"colormag_page_container_layout":"default_layout","colormag_page_sidebar_layout":"default_layout","_jetpack_memberships_contains_paid_content":false,"footnotes":"","jetpack_publicize_message":"","jetpack_publicize_feature_enabled":true,"jetpack_social_post_already_shared":false,"jetpack_social_options":{"image_generator_settings":{"template":"highway","default_image_id":0,"font":"","enabled":false},"version":2}},"categories":[33],"tags":[],"class_list":["post-43766","post","type-post","status-publish","format-standard","has-post-thumbnail","hentry","category-nacional"],"jetpack_publicize_connections":[],"jetpack_featured_media_url":"https:\/\/i0.wp.com\/politicosaldesnudo.com.mx\/wp-content\/uploads\/2024\/08\/Municipio-de-Bacalar-lanza-cartelera-de-eventos-culturales-2024.jpg?fit=768%2C479&ssl=1","jetpack-related-posts":[],"jetpack_sharing_enabled":true,"_links":{"self":[{"href":"https:\/\/politicosaldesnudo.com.mx\/index.php\/wp-json\/wp\/v2\/posts\/43766","targetHints":{"allow":["GET"]}}],"collection":[{"href":"https:\/\/politicosaldesnudo.com.mx\/index.php\/wp-json\/wp\/v2\/posts"}],"about":[{"href":"https:\/\/politicosaldesnudo.com.mx\/index.php\/wp-json\/wp\/v2\/types\/post"}],"author":[{"embeddable":true,"href":"https:\/\/politicosaldesnudo.com.mx\/index.php\/wp-json\/wp\/v2\/users\/4"}],"replies":[{"embeddable":true,"href":"https:\/\/politicosaldesnudo.com.mx\/index.php\/wp-json\/wp\/v2\/comments?post=43766"}],"version-history":[{"count":0,"href":"https:\/\/politicosaldesnudo.com.mx\/index.php\/wp-json\/wp\/v2\/posts\/43766\/revisions"}],"wp:featuredmedia":[{"embeddable":true,"href":"https:\/\/politicosaldesnudo.com.mx\/index.php\/wp-json\/wp\/v2\/media\/43767"}],"wp:attachment":[{"href":"https:\/\/politicosaldesnudo.com.mx\/index.php\/wp-json\/wp\/v2\/media?parent=43766"}],"wp:term":[{"taxonomy":"category","embeddable":true,"href":"https:\/\/politicosaldesnudo.com.mx\/index.php\/wp-json\/wp\/v2\/categories?post=43766"},{"taxonomy":"post_tag","embeddable":true,"href":"https:\/\/politicosaldesnudo.com.mx\/index.php\/wp-json\/wp\/v2\/tags?post=43766"}],"curies":[{"name":"wp","href":"https:\/\/api.w.org\/{rel}","templated":true}]}}