{"id":43773,"date":"2024-08-10T01:13:38","date_gmt":"2024-08-10T06:13:38","guid":{"rendered":"https:\/\/politicosaldesnudo.com.mx\/?p=43773"},"modified":"2024-08-10T01:13:38","modified_gmt":"2024-08-10T06:13:38","slug":"gobierno-argentino-tacha-de-detestable-el-posible-uso-indebido-de-casa-rosada-por-fernandez","status":"publish","type":"post","link":"https:\/\/politicosaldesnudo.com.mx\/index.php\/2024\/08\/10\/gobierno-argentino-tacha-de-detestable-el-posible-uso-indebido-de-casa-rosada-por-fernandez\/","title":{"rendered":"Gobierno argentino tacha de \u00abdetestable\u00bb el posible uso indebido de Casa Rosada por Fern\u00e1ndez"},"content":{"rendered":"<div class=\"content-body clearfix \">\n<div id=\"content-body-225-12372164\">\n<p><span style=\"font-size: 14pt;\">El Gobierno argentino consider\u00f3 este viernes \u00abdetestable\u00bb el posible uso indebido de la Casa Rosada por parte del expresidente Alberto Fern\u00e1ndez (2019-2023), si se confirma la veracidad de los videos difundidos en las \u00faltimas horas, en los que se escucha su voz en &#8216;off&#8217; intercambiando intimidades con una conocida actriz y columnista medi\u00e1tica.<\/span><\/p>\n<p><span style=\"font-size: 14pt;\">\u00abLos videos del despacho presidencial, en el caso de que hayan sido as\u00ed, es un tema que la Justicia tendr\u00e1 que investigar, es absolutamente detestable solo por una cuesti\u00f3n de respetar las instituciones\u00bb, afirm\u00f3 este viernes el portavoz presidencial, Manuel Adorni, en su habitual conferencia de prensa en la Casa Rosada, sobre los videos en los que se ve a Tamara Pettinato, conocida por su labor en medios de comunicaci\u00f3n, conversando en un tono \u00edntimo posiblemente con Fern\u00e1ndez, del que solo se oye la voz.<\/span><\/p>\n<\/div>\n<\/div>\n<div class=\"advertisment \">\n<div id=\"dfp-nota-1x3s\" data-google-query-id=\"CLWZl5ji6YcDFQ6XAAAdegc1kg\">\n<div id=\"google_ads_iframe_\/2000002\/la-prensa\/mexico_nota_1x3_0__container__\"><span style=\"font-size: 14pt;\">En la misma l\u00ednea, el vocero no quiso opinar sobre las fotos, tambi\u00e9n difundidas en las \u00faltimas horas, en las que se ve a Fabiola Y\u00e1\u00f1ez, expareja de Fern\u00e1ndez y madre de su hijo Francisco, de dos a\u00f1os, con moretones en varias partes del cuerpo, y resalt\u00f3 que \u00abla Justicia debe seguir adelante con la investigaci\u00f3n\u00bb por la supuesta violencia machista denunciada por la exprimera dama contra el exmandatario.<\/span><\/div>\n<\/div>\n<\/div>\n<article class=\"content-continued-body clearfix \">\n<div id=\"content-body-5851641-12372164\">\n<p><span style=\"font-size: 14pt;\">\u00abSi Fern\u00e1ndez es culpable, tendr\u00e1 que pagar por lo que hizo. Apelamos a que eso sea as\u00ed, que la Justicia efectivamente investigue\u00bb, sostuvo Adorni, quien volvi\u00f3 a cuestionar las pol\u00edticas de g\u00e9nero de la Administraci\u00f3n de Fern\u00e1ndez, quien cre\u00f3 el Ministerio de las Mujeres, G\u00e9nero y Diversidad, y desmanteladas por el Ejecutivo de Milei.<\/span><\/p>\n<p><span style=\"font-size: 14pt;\">Respecto a las im\u00e1genes supuestamente grabadas en el despacho presidencial de la Casa Rosada, sede del Ejecutivo argentino, el portavoz dijo que el uso de esos lugares que \u00abrevisten un respeto mayor\u00bb para cuestiones privadas es \u00ababsolutamente repudiable\u00bb.<\/span><\/p>\n<p><span style=\"font-size: 14pt;\">Y\u00e1\u00f1ez, de 43 a\u00f1os, actriz y periodista de profesi\u00f3n, decidi\u00f3 el pasado martes impulsar una denuncia contra Fern\u00e1ndez por violencia de g\u00e9nero luego de que la Justicia, en el marco de una investigaci\u00f3n por posible tr\u00e1fico de influencias del exmandatario, hallara conversaciones e im\u00e1genes que indicar\u00edan la supuesta comisi\u00f3n del delito de lesiones a la expareja del pol\u00edtico peronista, de 65 a\u00f1os.<\/span><\/p>\n<p><span style=\"font-size: 14pt;\">Se trata del tel\u00e9fono m\u00f3vil de Mar\u00eda Cantero, secretaria del expresidente, donde se encontraron fotograf\u00edas de Y\u00e1\u00f1ez con signos de violencia en su cuerpo, y chats de texto y de audio en los que la entonces primera dama argentina acusa a Fern\u00e1ndez por esos supuestos golpes recibidos en la residencia presidencial de Olivos (provincia de Buenos Aires).<\/span><\/p>\n<p><span style=\"font-size: 14pt;\">Tras la decisi\u00f3n de Y\u00e1\u00f1ez de impulsar la denuncia, el juez federal Juli\u00e1n Ercolini prohibi\u00f3 a Fern\u00e1ndez salir de Argentina y le orden\u00f3 no acercarse ni contactarse por ninguna v\u00eda con su expareja.<\/span><\/p>\n<\/div>\n<\/article>\n","protected":false},"excerpt":{"rendered":"<p>El Gobierno argentino consider\u00f3 este viernes \u00abdetestable\u00bb el posible uso indebido de la Casa Rosada por parte del expresidente Alberto<\/p>\n","protected":false},"author":4,"featured_media":43774,"comment_status":"closed","ping_status":"closed","sticky":false,"template":"","format":"standard","meta":{"colormag_page_container_layout":"default_layout","colormag_page_sidebar_layout":"default_layout","_jetpack_memberships_contains_paid_content":false,"footnotes":"","jetpack_publicize_message":"","jetpack_publicize_feature_enabled":true,"jetpack_social_post_already_shared":false,"jetpack_social_options":{"image_generator_settings":{"template":"highway","default_image_id":0,"font":"","enabled":false},"version":2}},"categories":[28],"tags":[],"class_list":["post-43773","post","type-post","status-publish","format-standard","has-post-thumbnail","hentry","category-internacional"],"jetpack_publicize_connections":[],"jetpack_featured_media_url":"https:\/\/i0.wp.com\/politicosaldesnudo.com.mx\/wp-content\/uploads\/2024\/08\/Alberto-Fernandez.jpg?fit=768%2C479&ssl=1","jetpack-related-posts":[],"jetpack_sharing_enabled":true,"_links":{"self":[{"href":"https:\/\/politicosaldesnudo.com.mx\/index.php\/wp-json\/wp\/v2\/posts\/43773","targetHints":{"allow":["GET"]}}],"collection":[{"href":"https:\/\/politicosaldesnudo.com.mx\/index.php\/wp-json\/wp\/v2\/posts"}],"about":[{"href":"https:\/\/politicosaldesnudo.com.mx\/index.php\/wp-json\/wp\/v2\/types\/post"}],"author":[{"embeddable":true,"href":"https:\/\/politicosaldesnudo.com.mx\/index.php\/wp-json\/wp\/v2\/users\/4"}],"replies":[{"embeddable":true,"href":"https:\/\/politicosaldesnudo.com.mx\/index.php\/wp-json\/wp\/v2\/comments?post=43773"}],"version-history":[{"count":0,"href":"https:\/\/politicosaldesnudo.com.mx\/index.php\/wp-json\/wp\/v2\/posts\/43773\/revisions"}],"wp:featuredmedia":[{"embeddable":true,"href":"https:\/\/politicosaldesnudo.com.mx\/index.php\/wp-json\/wp\/v2\/media\/43774"}],"wp:attachment":[{"href":"https:\/\/politicosaldesnudo.com.mx\/index.php\/wp-json\/wp\/v2\/media?parent=43773"}],"wp:term":[{"taxonomy":"category","embeddable":true,"href":"https:\/\/politicosaldesnudo.com.mx\/index.php\/wp-json\/wp\/v2\/categories?post=43773"},{"taxonomy":"post_tag","embeddable":true,"href":"https:\/\/politicosaldesnudo.com.mx\/index.php\/wp-json\/wp\/v2\/tags?post=43773"}],"curies":[{"name":"wp","href":"https:\/\/api.w.org\/{rel}","templated":true}]}}