{"id":43780,"date":"2024-08-10T01:17:19","date_gmt":"2024-08-10T06:17:19","guid":{"rendered":"https:\/\/politicosaldesnudo.com.mx\/?p=43780"},"modified":"2024-08-10T01:17:19","modified_gmt":"2024-08-10T06:17:19","slug":"captan-momento-exacto-de-la-caida-del-avion-en-brasil-no-hay-sobrevivientes","status":"publish","type":"post","link":"https:\/\/politicosaldesnudo.com.mx\/index.php\/2024\/08\/10\/captan-momento-exacto-de-la-caida-del-avion-en-brasil-no-hay-sobrevivientes\/","title":{"rendered":"Captan momento exacto de la ca\u00edda del avi\u00f3n en Brasil, no hay sobrevivientes"},"content":{"rendered":"<div class=\"content-body clearfix \">\n<div id=\"content-body-225-12372799\">\n<p><span style=\"font-size: 14pt;\">Este viernes se dio a conocer un fuerte accidente en el cual un avi\u00f3n con capacidad para unos setenta pasajeros se estrell\u00f3 en una zona residencial en el municipio brasile\u00f1o de Vinhedo, en el estado de S\u00e3o Paulo, inform\u00f3 el Cuerpo de Bomberos local.<\/span><\/p>\n<p><span style=\"font-size: 14pt;\">Seg\u00fan informaciones de la televisi\u00f3n Globonews, en el aparato viajaban 62 personas, entre ellos 58 pasajeros y cuatro tripulantes.<\/span><\/p>\n<\/div>\n<\/div>\n<div class=\"advertisment \">\n<div id=\"dfp-nota-1x1s\" data-google-query-id=\"CPjZw4jj6YcDFeWipgQdwcAIvw\">\n<div id=\"google_ads_iframe_\/2000002\/la-prensa\/mexico_nota_1x1_0__container__\"><span style=\"font-size: 14pt;\">Siete equipos del cuerpo de bomberos fueron movilizados para atender el accidente, seg\u00fan el organismo, que no aclar\u00f3 el n\u00famero de v\u00edctimas.<\/span><\/div>\n<\/div>\n<\/div>\n<article class=\"content-continued-body clearfix \">\n<div id=\"content-body-5851641-12372799\">\n<p><span style=\"font-size: 14pt;\">Fuentes del aeropuerto de S\u00e3o Paulo informaron a Globonews de que se trata de un avi\u00f3n bimotor de modelo ATR-72-500 de la aerol\u00ednea Voepass, y que viajaba desde la ciudad de Cascavel hasta S\u00e3o Paulo.<\/span><\/p>\n<p><span style=\"font-size: 14pt;\">Un clip muestra como el avi\u00f3n ca\u00eda dando vueltas, claramente se\u00f1a de que el piloto hab\u00eda perdido el control de la nave.<\/span><\/p>\n<\/div>\n<\/article>\n","protected":false},"excerpt":{"rendered":"<p>Este viernes se dio a conocer un fuerte accidente en el cual un avi\u00f3n con capacidad para unos setenta pasajeros<\/p>\n","protected":false},"author":4,"featured_media":43781,"comment_status":"closed","ping_status":"closed","sticky":false,"template":"","format":"standard","meta":{"colormag_page_container_layout":"default_layout","colormag_page_sidebar_layout":"default_layout","_jetpack_memberships_contains_paid_content":false,"footnotes":"","jetpack_publicize_message":"","jetpack_publicize_feature_enabled":true,"jetpack_social_post_already_shared":false,"jetpack_social_options":{"image_generator_settings":{"template":"highway","default_image_id":0,"font":"","enabled":false},"version":2}},"categories":[28],"tags":[],"class_list":["post-43780","post","type-post","status-publish","format-standard","has-post-thumbnail","hentry","category-internacional"],"jetpack_publicize_connections":[],"jetpack_featured_media_url":"https:\/\/i0.wp.com\/politicosaldesnudo.com.mx\/wp-content\/uploads\/2024\/08\/Accidente-aereo.jpg?fit=768%2C479&ssl=1","jetpack-related-posts":[],"jetpack_sharing_enabled":true,"_links":{"self":[{"href":"https:\/\/politicosaldesnudo.com.mx\/index.php\/wp-json\/wp\/v2\/posts\/43780","targetHints":{"allow":["GET"]}}],"collection":[{"href":"https:\/\/politicosaldesnudo.com.mx\/index.php\/wp-json\/wp\/v2\/posts"}],"about":[{"href":"https:\/\/politicosaldesnudo.com.mx\/index.php\/wp-json\/wp\/v2\/types\/post"}],"author":[{"embeddable":true,"href":"https:\/\/politicosaldesnudo.com.mx\/index.php\/wp-json\/wp\/v2\/users\/4"}],"replies":[{"embeddable":true,"href":"https:\/\/politicosaldesnudo.com.mx\/index.php\/wp-json\/wp\/v2\/comments?post=43780"}],"version-history":[{"count":0,"href":"https:\/\/politicosaldesnudo.com.mx\/index.php\/wp-json\/wp\/v2\/posts\/43780\/revisions"}],"wp:featuredmedia":[{"embeddable":true,"href":"https:\/\/politicosaldesnudo.com.mx\/index.php\/wp-json\/wp\/v2\/media\/43781"}],"wp:attachment":[{"href":"https:\/\/politicosaldesnudo.com.mx\/index.php\/wp-json\/wp\/v2\/media?parent=43780"}],"wp:term":[{"taxonomy":"category","embeddable":true,"href":"https:\/\/politicosaldesnudo.com.mx\/index.php\/wp-json\/wp\/v2\/categories?post=43780"},{"taxonomy":"post_tag","embeddable":true,"href":"https:\/\/politicosaldesnudo.com.mx\/index.php\/wp-json\/wp\/v2\/tags?post=43780"}],"curies":[{"name":"wp","href":"https:\/\/api.w.org\/{rel}","templated":true}]}}