{"id":43783,"date":"2024-08-10T01:23:42","date_gmt":"2024-08-10T06:23:42","guid":{"rendered":"https:\/\/politicosaldesnudo.com.mx\/?p=43783"},"modified":"2024-08-10T01:23:42","modified_gmt":"2024-08-10T06:23:42","slug":"ejercito-mexicano-y-grupos-armados-se-enfrentan-en-ocuilapa-ocozocoautla","status":"publish","type":"post","link":"https:\/\/politicosaldesnudo.com.mx\/index.php\/2024\/08\/10\/ejercito-mexicano-y-grupos-armados-se-enfrentan-en-ocuilapa-ocozocoautla\/","title":{"rendered":"Ej\u00e9rcito Mexicano y grupos armados se enfrentan en Ocuilapa, Ocozocoautla"},"content":{"rendered":"<div>\n<div id=\"content-body-225-12374921\">\n<p><span style=\"font-size: 14pt;\">Un\u00a0enfrentamiento\u00a0ocurrido entre el\u00a0Ej\u00e9rcito Mexicano y un grupo armado, dej\u00f3 como resultado la muerte de una mujer y un menor herido\u00a0debido al fuego cruzado. Los hechos se registraron en la comunidad de Ocuilapa, municipio de Ocozocoautla de Espinosa.<\/span><\/p>\n<p><span style=\"font-size: 14pt;\">Fue durante la tarde este jueves cuando el personal del Ej\u00e9rcito Mexicano realizaba un\u00a0recorrido\u00a0sobre la zona cuando fueron\u00a0atacados\u00a0por\u00a0sujetos con armas de fuego. Ante el ataque, el personal castrense\u00a0respondi\u00f3 al fuego\u00a0desat\u00e1ndose un\u00a0enfrentamiento\u00a0que culmin\u00f3 en el parque del ejido, donde se encontr\u00f3 a una mujer sin vida y a un menor de edad herido por arma de fuego.<\/span><\/p>\n<\/div>\n<\/div>\n<div>\n<div id=\"dfp-nota-1x3s\" data-google-query-id=\"COyQq6zk6YcDFXVACQkdkYQGPA\">\n<div id=\"google_ads_iframe_\/2000002\/la-prensa\/mexico_nota_1x3_0__container__\">\n<div id=\"inArticle_1\">\n<div>\n<div>\n<div>\n<div><span style=\"font-size: 14pt;\">Adem\u00e1s, varios sicarios fallecieron a causa del enfrentamiento.\u00a0Tras lo sucedido, los elementos lograron\u00a0asegurar diversas armas y veh\u00edculos\u00a0en el lugar de los hechos. Hasta el momento, no se han proporcionado m\u00e1s detalles sobre lo sucedido, se espera que las autoridades federales informen sobre ello.<\/span><\/p>\n<\/div>\n<\/div>\n<\/div>\n<\/div>\n<\/div>\n<\/div>\n<\/div>\n<\/div>\n<article>\n<div id=\"content-body-5851641-12374921\">\n<section>\n<div>\n<div>\n<div><span style=\"font-size: 14pt;\">Cabe mencionar que recientemente la\u00a0Secretar\u00eda de la Defensa de la Naci\u00f3n\u00a0hab\u00eda reforzado la presencia y los operativos en la regi\u00f3n, debido a la alta presencia de grupos criminales. Asimismo Ocozocoautla ha sido sede de distintos enfrentamientos entre\u00a0grupos\u00a0criminales\u00a0as\u00ed como contra autoridades.<\/span><\/div>\n<\/div>\n<\/div>\n<\/section>\n<p><span style=\"font-size: 14pt;\">En 2023, en Chiapas\u00a0se registraron un total de 68 enfrentamientos\u00a0en los que particip\u00f3 personal de las fuerzas estatales, adem\u00e1s de 12 donde particip\u00f3 la Guardia Nacional.<\/span><\/p>\n<\/div>\n<\/article>\n","protected":false},"excerpt":{"rendered":"<p>Un\u00a0enfrentamiento\u00a0ocurrido entre el\u00a0Ej\u00e9rcito Mexicano y un grupo armado, dej\u00f3 como resultado la muerte de una mujer y un menor herido\u00a0debido<\/p>\n","protected":false},"author":4,"featured_media":43784,"comment_status":"closed","ping_status":"closed","sticky":false,"template":"","format":"standard","meta":{"colormag_page_container_layout":"default_layout","colormag_page_sidebar_layout":"default_layout","_jetpack_memberships_contains_paid_content":false,"footnotes":"","jetpack_publicize_message":"","jetpack_publicize_feature_enabled":true,"jetpack_social_post_already_shared":false,"jetpack_social_options":{"image_generator_settings":{"template":"highway","default_image_id":0,"font":"","enabled":false},"version":2}},"categories":[33],"tags":[],"class_list":["post-43783","post","type-post","status-publish","format-standard","has-post-thumbnail","hentry","category-nacional"],"jetpack_publicize_connections":[],"jetpack_featured_media_url":"https:\/\/i0.wp.com\/politicosaldesnudo.com.mx\/wp-content\/uploads\/2024\/08\/seguridad.jpg?fit=400%2C300&ssl=1","jetpack-related-posts":[],"jetpack_sharing_enabled":true,"_links":{"self":[{"href":"https:\/\/politicosaldesnudo.com.mx\/index.php\/wp-json\/wp\/v2\/posts\/43783","targetHints":{"allow":["GET"]}}],"collection":[{"href":"https:\/\/politicosaldesnudo.com.mx\/index.php\/wp-json\/wp\/v2\/posts"}],"about":[{"href":"https:\/\/politicosaldesnudo.com.mx\/index.php\/wp-json\/wp\/v2\/types\/post"}],"author":[{"embeddable":true,"href":"https:\/\/politicosaldesnudo.com.mx\/index.php\/wp-json\/wp\/v2\/users\/4"}],"replies":[{"embeddable":true,"href":"https:\/\/politicosaldesnudo.com.mx\/index.php\/wp-json\/wp\/v2\/comments?post=43783"}],"version-history":[{"count":0,"href":"https:\/\/politicosaldesnudo.com.mx\/index.php\/wp-json\/wp\/v2\/posts\/43783\/revisions"}],"wp:featuredmedia":[{"embeddable":true,"href":"https:\/\/politicosaldesnudo.com.mx\/index.php\/wp-json\/wp\/v2\/media\/43784"}],"wp:attachment":[{"href":"https:\/\/politicosaldesnudo.com.mx\/index.php\/wp-json\/wp\/v2\/media?parent=43783"}],"wp:term":[{"taxonomy":"category","embeddable":true,"href":"https:\/\/politicosaldesnudo.com.mx\/index.php\/wp-json\/wp\/v2\/categories?post=43783"},{"taxonomy":"post_tag","embeddable":true,"href":"https:\/\/politicosaldesnudo.com.mx\/index.php\/wp-json\/wp\/v2\/tags?post=43783"}],"curies":[{"name":"wp","href":"https:\/\/api.w.org\/{rel}","templated":true}]}}