{"id":43821,"date":"2024-08-10T02:14:16","date_gmt":"2024-08-10T07:14:16","guid":{"rendered":"https:\/\/politicosaldesnudo.com.mx\/?p=43821"},"modified":"2024-08-10T02:14:16","modified_gmt":"2024-08-10T07:14:16","slug":"apagones-en-colonias-de-tuxpan","status":"publish","type":"post","link":"https:\/\/politicosaldesnudo.com.mx\/index.php\/2024\/08\/10\/apagones-en-colonias-de-tuxpan\/","title":{"rendered":"Apagones en colonias de Tuxpan"},"content":{"rendered":"<p><span style=\"font-size: 14pt;\">En casi todo el municipio se fue la luz desde temprana hora, el apag\u00f3n afecto a miles de usuarios y las autoridades el\u00e9ctricas ni dieron aviso alguno, lo que caus\u00f3 la molestia generalizada de la poblaci\u00f3n, que a trav\u00e9s de grupos de whatsapp y facebook, mostraron su molestia generalizada.<\/span><\/p>\n<p><span style=\"font-size: 14pt;\">Usuarios indicaron que desde las 4:00 de la ma\u00f1ana, aproximadamente, se quedaron sin el servicio de la energ\u00eda el\u00e9ctrica en varias partes de la localidad, que hacen un aproximado del 80 por ciento de la colonias de la cabecera municipal y un 60 por ciento de las comunidades, sin que CFE haya dado alguna aclaraci\u00f3n al respecto.<\/span><\/p>\n<p><span style=\"font-size: 14pt;\">La molestia principal de la poblaci\u00f3n, es que el calor nocturno es insoportable y tienen que dormir con los aires acondicionados y ventiladores, y si la energ\u00eda falla, es imposible conciliar el sue\u00f1o, adem\u00e1s de que sus cosas en el refrigerador se echar\u00edan a perder.<\/span><\/p>\n<p><span style=\"font-size: 14pt;\">Los constantes apagones que ha habido en la ciudad han perjudicar tambi\u00e9n los aparatos electrodom\u00e9sticos, puesto que los constantes bajones de energ\u00eda ocasionen que se quemen o descompongan y dificilmente la paraestatal se hace cargo de reponerlos, puesto que el tr\u00e1mite es tardado y muy complejo, con el objetivo de que la ciudadan\u00eda desista.<\/span><\/p>\n<p><span style=\"font-size: 14pt;\">Cabe destacar, que de acuerdo a un sondeo realizado, en comunidades como Alto Lucero, Santiago de la Pe\u00f1a, Ojite, Higueral, entre otras, la luz regres\u00f3 luego de una hora aproximadamente, pero en zonas como la Ruiz Cortinez, Petropolis, La Universitaria, la luz tard\u00f3 m\u00e1s tiempo en restablecerse, aunque hubo sectores donde no regres\u00f3 hasta despu\u00e9s de medio d\u00eda.<\/span><\/p>\n<p><span style=\"font-size: 14pt;\">Usuarios piden a la Comisi\u00f3n Federal de Electricidad que por lo menos les avise cuando vayan a presentarse estos problemas con la energ\u00eda el\u00e9ctrica, para tomar previsiones y evitar que sus aparatos o sus cosas en el enfriador, se les echen a perder.<\/span><\/p>\n","protected":false},"excerpt":{"rendered":"<p>En casi todo el municipio se fue la luz desde temprana hora, el apag\u00f3n afecto a miles de usuarios y<\/p>\n","protected":false},"author":4,"featured_media":43822,"comment_status":"closed","ping_status":"closed","sticky":false,"template":"","format":"standard","meta":{"colormag_page_container_layout":"default_layout","colormag_page_sidebar_layout":"default_layout","_jetpack_memberships_contains_paid_content":false,"footnotes":"","jetpack_publicize_message":"","jetpack_publicize_feature_enabled":true,"jetpack_social_post_already_shared":false,"jetpack_social_options":{"image_generator_settings":{"template":"highway","default_image_id":0,"font":"","enabled":false},"version":2}},"categories":[1082],"tags":[],"class_list":["post-43821","post","type-post","status-publish","format-standard","has-post-thumbnail","hentry","category-tuxpan"],"jetpack_publicize_connections":[],"jetpack_featured_media_url":"https:\/\/i0.wp.com\/politicosaldesnudo.com.mx\/wp-content\/uploads\/2024\/08\/LUZ.jpeg?fit=702%2C437&ssl=1","jetpack-related-posts":[],"jetpack_sharing_enabled":true,"_links":{"self":[{"href":"https:\/\/politicosaldesnudo.com.mx\/index.php\/wp-json\/wp\/v2\/posts\/43821","targetHints":{"allow":["GET"]}}],"collection":[{"href":"https:\/\/politicosaldesnudo.com.mx\/index.php\/wp-json\/wp\/v2\/posts"}],"about":[{"href":"https:\/\/politicosaldesnudo.com.mx\/index.php\/wp-json\/wp\/v2\/types\/post"}],"author":[{"embeddable":true,"href":"https:\/\/politicosaldesnudo.com.mx\/index.php\/wp-json\/wp\/v2\/users\/4"}],"replies":[{"embeddable":true,"href":"https:\/\/politicosaldesnudo.com.mx\/index.php\/wp-json\/wp\/v2\/comments?post=43821"}],"version-history":[{"count":0,"href":"https:\/\/politicosaldesnudo.com.mx\/index.php\/wp-json\/wp\/v2\/posts\/43821\/revisions"}],"wp:featuredmedia":[{"embeddable":true,"href":"https:\/\/politicosaldesnudo.com.mx\/index.php\/wp-json\/wp\/v2\/media\/43822"}],"wp:attachment":[{"href":"https:\/\/politicosaldesnudo.com.mx\/index.php\/wp-json\/wp\/v2\/media?parent=43821"}],"wp:term":[{"taxonomy":"category","embeddable":true,"href":"https:\/\/politicosaldesnudo.com.mx\/index.php\/wp-json\/wp\/v2\/categories?post=43821"},{"taxonomy":"post_tag","embeddable":true,"href":"https:\/\/politicosaldesnudo.com.mx\/index.php\/wp-json\/wp\/v2\/tags?post=43821"}],"curies":[{"name":"wp","href":"https:\/\/api.w.org\/{rel}","templated":true}]}}