{"id":43827,"date":"2024-08-10T02:18:50","date_gmt":"2024-08-10T07:18:50","guid":{"rendered":"https:\/\/politicosaldesnudo.com.mx\/?p=43827"},"modified":"2024-08-10T02:18:50","modified_gmt":"2024-08-10T07:18:50","slug":"dif-apoya-a-familias-con-el-programa-desarrollo-a-la-vivienda-y-la-comunidad","status":"publish","type":"post","link":"https:\/\/politicosaldesnudo.com.mx\/index.php\/2024\/08\/10\/dif-apoya-a-familias-con-el-programa-desarrollo-a-la-vivienda-y-la-comunidad\/","title":{"rendered":"DIF apoya a familias con el Programa Desarrollo a la Vivienda y la Comunidad"},"content":{"rendered":"<p><span style=\"font-size: 14pt;\">El alcalde Jos\u00e9 Manuel Pozos Castro y la Lic. Pamela Morales Huesca, presidenta del DIF Tuxpan, encabezaron la entrega de apoyos del Programa Desarrollo a la Vivienda y la Comunidad.<\/span><\/p>\n<p><span style=\"font-size: 14pt;\">Estuvieron acompa\u00f1ados por la s\u00edndica \u00fanica Mtra. Beatriz Pi\u00f1a Vergara; las regidoras y los regidores Amado Guti\u00e9rrez Lima, Maryanela Monroy Flores, Juan G\u00f3mez Garc\u00eda y Lucero Res\u00e9ndis Ambrocio; as\u00ed como la Mtra. Ana Bertha M\u00e1rquez Ram\u00edrez, en representaci\u00f3n de los beneficiarios.<\/span><\/p>\n<p><span style=\"font-size: 14pt;\">Se entregaron paquetes de l\u00e1minas para techo, refrigeradores, tinacos y estufas ecol\u00f3gicas, a familias vulnerables de 31 comunidades.<\/span><\/p>\n<p><span style=\"font-size: 14pt;\">\u201cCon esta dotaci\u00f3n de bienes de primera necesidad se abaten carencias en los hogares y se conforman espacios habitables sustentables, mejorando las condiciones de salud y bienestar comunitario\u201d, refiri\u00f3 Jos\u00e9 Manuel Pozos en su mensaje.<\/span><\/p>\n<p><span style=\"font-size: 14pt;\">Se\u00f1al\u00f3 que su gobierno trabaja diariamente de la mano del DIF Tuxpan para que las familias tengan una mejor calidad de vida y oportunidades justas para salir adelante.<\/span><\/p>\n<p><span style=\"font-size: 14pt;\">En ese sentido, agradeci\u00f3 tambi\u00e9n el respaldo del DIF Estatal en la construcci\u00f3n de comunidades m\u00e1s fuertes y unidas: \u201cContribuir a mejorar la vida de quienes menos tienen, es un acto de justicia social y una responsabilidad que asumimos con calidez humana y mucho cari\u00f1o\u201d.<\/span><\/p>\n<p><span style=\"font-size: 14pt;\">El mandatario aprovech\u00f3 la oportunidad para extender la invitaci\u00f3n a la Semana Nacional de Salud que se realizar\u00e1 el lunes, martes y mi\u00e9rcoles de la pr\u00f3xima semana en la Unidad Deportiva, de 8:00 a.m. a 4:00 p.m., donde habr\u00e1 servicios m\u00e9dicos, an\u00e1lisis cl\u00ednicos, estudios de gabinete, terapias y muchas mesas de atenci\u00f3n, completamente gratis.<\/span><\/p>\n<p><span style=\"font-size: 14pt;\">La agente municipal de Chalahuite, la maestra Ana Bertha M\u00e1rquez Ram\u00edrez expres\u00f3 a nombre de las familias beneficiadas su agradecimiento con el gobierno municipal y el DIF Tuxpan.<\/span><\/p>\n","protected":false},"excerpt":{"rendered":"<p>El alcalde Jos\u00e9 Manuel Pozos Castro y la Lic. Pamela Morales Huesca, presidenta del DIF Tuxpan, encabezaron la entrega de<\/p>\n","protected":false},"author":4,"featured_media":43828,"comment_status":"closed","ping_status":"closed","sticky":false,"template":"","format":"standard","meta":{"colormag_page_container_layout":"default_layout","colormag_page_sidebar_layout":"default_layout","_jetpack_memberships_contains_paid_content":false,"footnotes":"","jetpack_publicize_message":"","jetpack_publicize_feature_enabled":true,"jetpack_social_post_already_shared":false,"jetpack_social_options":{"image_generator_settings":{"template":"highway","default_image_id":0,"font":"","enabled":false},"version":2}},"categories":[3205,1082],"tags":[],"class_list":["post-43827","post","type-post","status-publish","format-standard","has-post-thumbnail","hentry","category-gobierno-tuxpan","category-tuxpan"],"jetpack_publicize_connections":[],"jetpack_featured_media_url":"https:\/\/i0.wp.com\/politicosaldesnudo.com.mx\/wp-content\/uploads\/2024\/08\/d3213675-f52d-4381-8e66-59c748e8e91d.jpg?fit=1280%2C851&ssl=1","jetpack-related-posts":[],"jetpack_sharing_enabled":true,"_links":{"self":[{"href":"https:\/\/politicosaldesnudo.com.mx\/index.php\/wp-json\/wp\/v2\/posts\/43827","targetHints":{"allow":["GET"]}}],"collection":[{"href":"https:\/\/politicosaldesnudo.com.mx\/index.php\/wp-json\/wp\/v2\/posts"}],"about":[{"href":"https:\/\/politicosaldesnudo.com.mx\/index.php\/wp-json\/wp\/v2\/types\/post"}],"author":[{"embeddable":true,"href":"https:\/\/politicosaldesnudo.com.mx\/index.php\/wp-json\/wp\/v2\/users\/4"}],"replies":[{"embeddable":true,"href":"https:\/\/politicosaldesnudo.com.mx\/index.php\/wp-json\/wp\/v2\/comments?post=43827"}],"version-history":[{"count":0,"href":"https:\/\/politicosaldesnudo.com.mx\/index.php\/wp-json\/wp\/v2\/posts\/43827\/revisions"}],"wp:featuredmedia":[{"embeddable":true,"href":"https:\/\/politicosaldesnudo.com.mx\/index.php\/wp-json\/wp\/v2\/media\/43828"}],"wp:attachment":[{"href":"https:\/\/politicosaldesnudo.com.mx\/index.php\/wp-json\/wp\/v2\/media?parent=43827"}],"wp:term":[{"taxonomy":"category","embeddable":true,"href":"https:\/\/politicosaldesnudo.com.mx\/index.php\/wp-json\/wp\/v2\/categories?post=43827"},{"taxonomy":"post_tag","embeddable":true,"href":"https:\/\/politicosaldesnudo.com.mx\/index.php\/wp-json\/wp\/v2\/tags?post=43827"}],"curies":[{"name":"wp","href":"https:\/\/api.w.org\/{rel}","templated":true}]}}