{"id":43859,"date":"2024-08-11T01:40:03","date_gmt":"2024-08-11T06:40:03","guid":{"rendered":"https:\/\/politicosaldesnudo.com.mx\/?p=43859"},"modified":"2024-08-11T01:40:03","modified_gmt":"2024-08-11T06:40:03","slug":"le-tenemos-toda-la-confianza-al-gobernador-ruben-rocha-moya-amlo","status":"publish","type":"post","link":"https:\/\/politicosaldesnudo.com.mx\/index.php\/2024\/08\/11\/le-tenemos-toda-la-confianza-al-gobernador-ruben-rocha-moya-amlo\/","title":{"rendered":"Le tenemos toda la confianza al gobernador Rub\u00e9n Rocha Moya: AMLO"},"content":{"rendered":"<div>\n<div id=\"content-body-225-12378284\">\n<p><span style=\"font-size: 14pt;\">El presidente de M\u00e9xico,\u00a0Andr\u00e9s Manuel L\u00f3pez Obrador\u00a0refrend\u00f3 su confianza en\u00a0Rub\u00e9n Rocha Moya, gobernador de Sinaloa.\u00a0Esto, luego de que\u00a0Ismael \u201cEl Mayo Zambada\u201d\u00a0-detenido en Estados Unidos- public\u00f3 una carta en la que afirm\u00f3 que fue secuestrado en una reuni\u00f3n que tuvo con\u00a0Joaqu\u00edn Guzm\u00e1n L\u00f3pez,\u00a0y en la que tambi\u00e9n participar\u00eda\u00a0Rocha Moya.<\/span><\/p>\n<p><span style=\"font-size: 14pt;\">\u201cNosotros le tenemos toda la confianza al\u00a0gobernador Rub\u00e9n Rocha Moya\u00a0(&#8230;) Lo felicito porque da la cara, no dej\u00f3 pasar ni un d\u00eda\u201d, dijo el mandatario federal.<\/span><\/p>\n<\/div>\n<\/div>\n<div>\n<div id=\"dfp-nota-1x3s\" data-google-query-id=\"COf0m_2p7IcDFZG0pgQdmvQg3A\">\n<div id=\"google_ads_iframe_\/2000002\/la-prensa\/mexico_nota_1x3_0__container__\">\n<div id=\"inArticle_1\">\n<div>\n<div>\n<div>\n<div><span style=\"font-size: 14pt;\">La ma\u00f1ana del s\u00e1bado, el abogado de Zambada\u00a0hizo p\u00fablica una carta, en la que seg\u00fan la versi\u00f3n de\u00a0\u201cEl Mayo\u201d, \u00e9l fue secuestrado y llevado en contra de su voluntad a\u00a0Estados Unidos donde fue detenido el 25 de julio pasado. El secuestro habr\u00eda ocurrido en una reuni\u00f3n con Joaqu\u00edn Guzm\u00e1n L\u00f3pez, quien tambi\u00e9n fue arrestado el mismo d\u00eda.<\/span><\/div>\n<\/div>\n<\/div>\n<\/div>\n<\/div>\n<\/div>\n<\/div>\n<\/div>\n<article>\n<div id=\"content-body-5851641-12378284\">\n<p><span style=\"font-size: 14pt;\">En la reuni\u00f3n tambi\u00e9n estaban citados Iv\u00e1n Archivaldo Guzm\u00e1n, as\u00ed como\u00a0Rub\u00e9n Rocha Moya, y H\u00e9ctor Melesio Cu\u00e9n Ojeda, exrector de la Universidad Aut\u00f3noma de Sinaloa (UAS) y quien fue asesinado el mismo 25 de julio. El motivo de la cita era resolver la disputa sobre qui\u00e9n deb\u00eda dirigir la UAS.<\/span><\/p>\n<p><span style=\"font-size: 14pt;\">Tras horas de silencio y evitar a la prensa, Rocha Moya aprovech\u00f3 para externar su posicionamiento en el evento de la inauguraci\u00f3n del\u00a0Hospital General IMSS-Bienestar Culiac\u00e1n \u201cDr. Bernardo J. Gast\u00e9lum\u201d, junto a\u00a0L\u00f3pez Obrador\u00a0y la virtual presidenta electa, Claudia Sheinbaum.<\/span><\/p>\n<p><span style=\"font-size: 14pt;\">\u201cNo hay absolutamente nada, nada, que pueda vincularme con ese asunto. Lo digo de manera tajante, contundente, nada\u201d, afirm\u00f3 Rub\u00e9n Rocha.<\/span><\/p>\n<p><span style=\"font-size: 14pt;\">El gobernador subray\u00f3 que el 25 de julio no estuvo en Sinaloa, tal como lo dijo en un video publicado en su cuenta de Facebook la madrugada del 26 de julio. \u201cYo no estaba ese d\u00eda en Sinaloa, todo me lo estuvieron informado durante el d\u00eda y durante la noche, y yo regres\u00e9 al d\u00eda siguiente tempranito\u201d.<\/span><\/p>\n<p><span style=\"font-size: 14pt;\">\u201cNo tiene nadie del crimen organizado que citarme a una reuni\u00f3n que para resolver un problema (&#8230;) los problemas que le tocan al gobierno lo resolvemos en las instituciones del gobierno\u201d, agreg\u00f3\u00a0Rocha Moya,\u00a0quien se dijo v\u00edctima de una campa\u00f1a de estigmatizaciones para afectarlo a \u00e9l y al presidente L\u00f3pez Obrador.<\/span><\/p>\n<p><span style=\"font-size: 14pt;\">Al cerrar el acto p\u00fablico,\u00a0L\u00f3pez Obrador celebr\u00f3 que Rub\u00e9n Rocha\u00a0habl\u00f3 del tema; \u201cqu\u00e9 bien que se aclar\u00f3 cu\u00e1l es la situaci\u00f3n, en d\u00f3nde estaba y que nunca fuiste convocado a ning\u00fan evento. M\u00e1s claro, ni el agua\u201d, dijo el mandatario.<\/span><\/p>\n<p><span style=\"font-size: 14pt;\">\u201cNo hay casualidad. Ayer nosotros en la ma\u00f1ana est\u00e1bamos pidiendo informaci\u00f3n; al mediod\u00eda el embajador de\u00a0Estados Unidos (Ken Salazar)\u00a0inform\u00f3 sobre la versi\u00f3n que ellos tienen de estos sucesos aqu\u00ed en\u00a0Sinaloa\u00a0y hoy aparece esta carta y resulta que estamos aqu\u00ed en\u00a0Culiac\u00e1n, pues de una vez vamos a hablar sobre el tema\u201d, agreg\u00f3\u00a0L\u00f3pez Obrador.<\/span><\/p>\n<p><span style=\"font-size: 14pt;\">El Presidente anticip\u00f3 que \u201cno van a parar (los ataques)\u201d porque a los \u201cconservadores de M\u00e9xico y el extranjero\u201d no les gusta la transformaci\u00f3n.<\/span><\/p>\n<p><span style=\"font-size: 14pt;\">Claudia Sheinbaum, por su parte, adelant\u00f3 que en su gobierno se seguir\u00e1 apoyando a\u00a0Rocha Moya\u00a0y al pueblo de Sinaloa; \u201cque quien quiera estigmatizar a este bello estado, que se quede con su historia porque hombres y mujeres de Sinaloa son buenos mexicanos y mexicanas (&#8230;) hombres y mujeres de trabajo\u201d, remat\u00f3.<\/span><\/p>\n<\/div>\n<\/article>\n","protected":false},"excerpt":{"rendered":"<p>El presidente de M\u00e9xico,\u00a0Andr\u00e9s Manuel L\u00f3pez Obrador\u00a0refrend\u00f3 su confianza en\u00a0Rub\u00e9n Rocha Moya, gobernador de Sinaloa.\u00a0Esto, luego de que\u00a0Ismael \u201cEl Mayo<\/p>\n","protected":false},"author":4,"featured_media":43860,"comment_status":"closed","ping_status":"closed","sticky":false,"template":"","format":"standard","meta":{"colormag_page_container_layout":"default_layout","colormag_page_sidebar_layout":"default_layout","_jetpack_memberships_contains_paid_content":false,"footnotes":"","jetpack_publicize_message":"","jetpack_publicize_feature_enabled":true,"jetpack_social_post_already_shared":false,"jetpack_social_options":{"image_generator_settings":{"template":"highway","default_image_id":0,"font":"","enabled":false},"version":2}},"categories":[33],"tags":[],"class_list":["post-43859","post","type-post","status-publish","format-standard","has-post-thumbnail","hentry","category-nacional"],"jetpack_publicize_connections":[],"jetpack_featured_media_url":"https:\/\/i0.wp.com\/politicosaldesnudo.com.mx\/wp-content\/uploads\/2024\/08\/AMLO-y-Ruben-Rocha-Moya.jpg?fit=768%2C479&ssl=1","jetpack-related-posts":[],"jetpack_sharing_enabled":true,"_links":{"self":[{"href":"https:\/\/politicosaldesnudo.com.mx\/index.php\/wp-json\/wp\/v2\/posts\/43859","targetHints":{"allow":["GET"]}}],"collection":[{"href":"https:\/\/politicosaldesnudo.com.mx\/index.php\/wp-json\/wp\/v2\/posts"}],"about":[{"href":"https:\/\/politicosaldesnudo.com.mx\/index.php\/wp-json\/wp\/v2\/types\/post"}],"author":[{"embeddable":true,"href":"https:\/\/politicosaldesnudo.com.mx\/index.php\/wp-json\/wp\/v2\/users\/4"}],"replies":[{"embeddable":true,"href":"https:\/\/politicosaldesnudo.com.mx\/index.php\/wp-json\/wp\/v2\/comments?post=43859"}],"version-history":[{"count":0,"href":"https:\/\/politicosaldesnudo.com.mx\/index.php\/wp-json\/wp\/v2\/posts\/43859\/revisions"}],"wp:featuredmedia":[{"embeddable":true,"href":"https:\/\/politicosaldesnudo.com.mx\/index.php\/wp-json\/wp\/v2\/media\/43860"}],"wp:attachment":[{"href":"https:\/\/politicosaldesnudo.com.mx\/index.php\/wp-json\/wp\/v2\/media?parent=43859"}],"wp:term":[{"taxonomy":"category","embeddable":true,"href":"https:\/\/politicosaldesnudo.com.mx\/index.php\/wp-json\/wp\/v2\/categories?post=43859"},{"taxonomy":"post_tag","embeddable":true,"href":"https:\/\/politicosaldesnudo.com.mx\/index.php\/wp-json\/wp\/v2\/tags?post=43859"}],"curies":[{"name":"wp","href":"https:\/\/api.w.org\/{rel}","templated":true}]}}