{"id":43862,"date":"2024-08-11T01:47:36","date_gmt":"2024-08-11T06:47:36","guid":{"rendered":"https:\/\/politicosaldesnudo.com.mx\/?p=43862"},"modified":"2024-08-11T01:47:36","modified_gmt":"2024-08-11T06:47:36","slug":"necesarios-recortes-de-tasas-si-inflacion-sigue-descendiendo-fed","status":"publish","type":"post","link":"https:\/\/politicosaldesnudo.com.mx\/index.php\/2024\/08\/11\/necesarios-recortes-de-tasas-si-inflacion-sigue-descendiendo-fed\/","title":{"rendered":"Necesarios, recortes de tasas si inflaci\u00f3n sigue descendiendo: Fed"},"content":{"rendered":"<p><span style=\"font-size: 14pt;\">La gobernadora de la Reserva Federal (Fed) Michelle Bowman suaviz\u00f3 ligeramente el s\u00e1bado su habitual tono de l\u00ednea dura, se\u00f1alando algunos progresos \u201cbienvenidos\u201d en la inflaci\u00f3n en los dos \u00faltimos meses, aunque dijo que la inflaci\u00f3n sigue \u201cinc\u00f3modamente por sobre\u201d el objetivo de 2 por ciento del banco central y sujeta a riesgos al alza.<\/span><\/p>\n<p><span style=\"font-size: 14pt;\">\u201cSi los nuevos datos siguen mostrando que la inflaci\u00f3n se est\u00e1 moviendo de forma sostenible hacia nuestro objetivo de 2 por ciento, ser\u00e1 apropiado bajar gradualmente la tasa de inter\u00e9s de los fondos federales para evitar que la pol\u00edtica monetaria se vuelva excesivamente restrictiva sobre la actividad econ\u00f3mica y el empleo\u201d, dijo Bowman en comentarios preparados para una reuni\u00f3n a puerta cerrada de la Asociaci\u00f3n de Banqueros de Kansas.<\/span><\/p>\n<p><span style=\"font-size: 14pt;\">\u201cPero tenemos que ser pacientes y evitar socavar el progreso continuo en la reducci\u00f3n de la inflaci\u00f3n reaccionando de forma exagerada a un solo dato\u201d, agreg\u00f3.<\/span><\/p>\n<p><span style=\"font-size: 14pt;\">A finales de julio, la Reserva Federal mantuvo la tasa de inter\u00e9s oficial en el rango de entre 5.25 y 5.50 por ciento, como viene haciendo desde hace m\u00e1s de un a\u00f1o, pero se\u00f1al\u00f3 que podr\u00eda recortarla en septiembre si la inflaci\u00f3n segu\u00eda enfri\u00e1ndose.<\/span><\/p>\n<p><span style=\"font-size: 14pt;\">La inflaci\u00f3n seg\u00fan el dato seguido por la Fed, la variaci\u00f3n anual del \u00edndice de precios de los gastos de consumo personal, se redujo a 2.5 por ciento en junio.<\/span><\/p>\n<p><span style=\"font-size: 14pt;\">Las declaraciones de Bowman no excluyen una rebaja de tasas el mes pr\u00f3ximo. De hecho, se\u00f1al\u00f3 que en su reuni\u00f3n de septiembre la Reserva Federal dispondr\u00e1 de datos econ\u00f3micos adicionales, as\u00ed como de una mejor idea de c\u00f3mo la reciente volatilidad de los mercados financieros puede afectar a las perspectivas econ\u00f3micas.<\/span><\/p>\n<p><span style=\"font-size: 14pt;\">Bowman tampoco reiter\u00f3 su afirmaci\u00f3n de discursos anteriores de que sigue dispuesta a subir las tasas en una futura reuni\u00f3n de la Reserva Federal si fuera necesario. Pero sigue siendo una voz de cautela en el comit\u00e9 de pol\u00edtica monetaria de la Reserva Federal, que se aproxima a un recorte de las tasas de inter\u00e9s.<\/span><\/p>\n<p><span style=\"font-size: 14pt;\">Aunque Bowman reiter\u00f3 que su perspectiva de referencia es que la inflaci\u00f3n siga disminuyendo con una pol\u00edtica monetaria estable, se mostr\u00f3 esc\u00e9ptica ante la posibilidad de que las presiones sobre los precios disminuyan tan r\u00e1pidamente este a\u00f1o como lo hicieron el a\u00f1o pasado.<\/span><\/p>\n<p><span style=\"font-size: 14pt;\">Y aunque dijo que los riesgos para los dos objetivos de la Reserva Federal \u2013estabilidad de precios y pleno empleo\u2013 se est\u00e1n equilibrando mejor, se\u00f1al\u00f3 que sigue m\u00e1s preocupada por la inflaci\u00f3n.<\/span><\/p>\n<p><span style=\"font-size: 14pt;\">El aumento de la tasa de desempleo en julio a 4.3 por ciento, un m\u00e1ximo de casi tres a\u00f1os, \u201cpuede estar exagerando el grado de enfriamiento de los mercados laborales\u201d, dijo, al se\u00f1alar un bajo nivel de despidos y la probabilidad de que el hurac\u00e1n Beryl haya frenado temporalmente el aumento del empleo.<\/span><\/p>\n<p><span style=\"font-size: 14pt;\">Mientras tanto, indic\u00f3, los riesgos, incluidas las tensiones geopol\u00edticas, amenazan con hacer subir a\u00fan m\u00e1s los precios. \u201cCon algunos riesgos al alza para la inflaci\u00f3n, sigo viendo la necesidad de prestar especial atenci\u00f3n al aspecto de estabilidad de precios de nuestro mandato, vigilando al mismo tiempo los riesgos de un debilitamiento material del mercado laboral\u201d, explic\u00f3.<\/span><\/p>\n","protected":false},"excerpt":{"rendered":"<p>La gobernadora de la Reserva Federal (Fed) Michelle Bowman suaviz\u00f3 ligeramente el s\u00e1bado su habitual tono de l\u00ednea dura, se\u00f1alando<\/p>\n","protected":false},"author":4,"featured_media":43863,"comment_status":"closed","ping_status":"closed","sticky":false,"template":"","format":"standard","meta":{"colormag_page_container_layout":"default_layout","colormag_page_sidebar_layout":"default_layout","_jetpack_memberships_contains_paid_content":false,"footnotes":"","jetpack_publicize_message":"","jetpack_publicize_feature_enabled":true,"jetpack_social_post_already_shared":false,"jetpack_social_options":{"image_generator_settings":{"template":"highway","default_image_id":0,"font":"","enabled":false},"version":2}},"categories":[2050],"tags":[],"class_list":["post-43862","post","type-post","status-publish","format-standard","has-post-thumbnail","hentry","category-economia"],"jetpack_publicize_connections":[],"jetpack_featured_media_url":"https:\/\/i0.wp.com\/politicosaldesnudo.com.mx\/wp-content\/uploads\/2024\/08\/AA1ozFTl.jpg?fit=768%2C566&ssl=1","jetpack-related-posts":[],"jetpack_sharing_enabled":true,"_links":{"self":[{"href":"https:\/\/politicosaldesnudo.com.mx\/index.php\/wp-json\/wp\/v2\/posts\/43862","targetHints":{"allow":["GET"]}}],"collection":[{"href":"https:\/\/politicosaldesnudo.com.mx\/index.php\/wp-json\/wp\/v2\/posts"}],"about":[{"href":"https:\/\/politicosaldesnudo.com.mx\/index.php\/wp-json\/wp\/v2\/types\/post"}],"author":[{"embeddable":true,"href":"https:\/\/politicosaldesnudo.com.mx\/index.php\/wp-json\/wp\/v2\/users\/4"}],"replies":[{"embeddable":true,"href":"https:\/\/politicosaldesnudo.com.mx\/index.php\/wp-json\/wp\/v2\/comments?post=43862"}],"version-history":[{"count":0,"href":"https:\/\/politicosaldesnudo.com.mx\/index.php\/wp-json\/wp\/v2\/posts\/43862\/revisions"}],"wp:featuredmedia":[{"embeddable":true,"href":"https:\/\/politicosaldesnudo.com.mx\/index.php\/wp-json\/wp\/v2\/media\/43863"}],"wp:attachment":[{"href":"https:\/\/politicosaldesnudo.com.mx\/index.php\/wp-json\/wp\/v2\/media?parent=43862"}],"wp:term":[{"taxonomy":"category","embeddable":true,"href":"https:\/\/politicosaldesnudo.com.mx\/index.php\/wp-json\/wp\/v2\/categories?post=43862"},{"taxonomy":"post_tag","embeddable":true,"href":"https:\/\/politicosaldesnudo.com.mx\/index.php\/wp-json\/wp\/v2\/tags?post=43862"}],"curies":[{"name":"wp","href":"https:\/\/api.w.org\/{rel}","templated":true}]}}