{"id":43916,"date":"2024-08-12T08:22:29","date_gmt":"2024-08-12T13:22:29","guid":{"rendered":"https:\/\/politicosaldesnudo.com.mx\/?p=43916"},"modified":"2024-08-12T08:22:29","modified_gmt":"2024-08-12T13:22:29","slug":"biden-hara-campana-por-kamala-harris-en-pensilvania-y-otros-estados-clave","status":"publish","type":"post","link":"https:\/\/politicosaldesnudo.com.mx\/index.php\/2024\/08\/12\/biden-hara-campana-por-kamala-harris-en-pensilvania-y-otros-estados-clave\/","title":{"rendered":"Biden har\u00e1 campa\u00f1a por Kamala Harris en Pensilvania y otros estados clave"},"content":{"rendered":"<div>\n<div id=\"content-body-225-12380556\">\n<p><span style=\"font-size: 14pt;\">El presidente de Estados Unidos,\u00a0Joe Biden, se\u00f1al\u00f3 este domingo en una entrevista televisiva que se lanzar\u00e1 a apoyar la\u00a0candidatura de Kamala Harris\u00a0con eventos de campa\u00f1a en estados clave, incluyendo\u00a0Pensilvania.<\/span><\/p>\n<p><span style=\"font-size: 14pt;\">En una conversaci\u00f3n con la\u00a0cadena CBS, el mandatario dijo que estaba dispuesto a hacer \u00ablo que sea que ayude m\u00e1s\u00bb para conseguir que Harris, la actual vicepresidenta de Estados Unidos, derrote al republicano\u00a0Donald Trump\u00a0el pr\u00f3ximo mes de noviembre.<\/span><\/p>\n<\/div>\n<\/div>\n<div>\n<div id=\"dfp-nota-1x3s\" data-google-query-id=\"CKeU9-TF74cDFZTLGAIdnfQayw\">\n<div id=\"google_ads_iframe_\/2000002\/la-prensa\/mexico_nota_1x3_0__container__\"><span style=\"font-size: 14pt;\">El mandatario adelant\u00f3 que est\u00e1 planeando un tour de mitines en Pensilvania junto al gobernador del estado, Josh Shapiro, cuyo nombre estuvo en la lista de candidatos para ser la f\u00f3rmula vicepresidencial de Harris.<\/span><\/div>\n<\/div>\n<\/div>\n<article>\n<div id=\"content-body-5851641-12380556\">\n<p><span style=\"font-size: 14pt;\">Biden se\u00f1al\u00f3 adem\u00e1s que habla \u00abfrecuentemente\u00bb con Harris y que considera que ella y el\u00a0gobernador\u00a0de Minnesota, Tim Walz, su f\u00f3rmula vicepresidencial, hacen un \u00abgran equipo\u00bb.<\/span><\/p>\n<p><span style=\"font-size: 14pt;\">El pasado 21 de julio, tras una tormenta pol\u00edtica desatada por su desastrosa actuaci\u00f3n en el primer debate presidencial contra a\u00a0Trump, Biden anunci\u00f3 que dejaba la candidatura y le dio su apoyo a la vicepresidenta,\u00a0Kamala Harris.<\/span><\/p>\n<p><span style=\"font-size: 14pt;\">Este martes,\u00a0Harris\u00a0fue nombrada oficialmente como la candidata dem\u00f3crata a la Presidencia y el mismo d\u00eda eligi\u00f3 al gobernador de Minnesota, Tim Walz, como su f\u00f3rmula vicepresidencial.<\/span><\/p>\n<p><span style=\"font-size: 14pt;\">El d\u00fao se embarc\u00f3 esta \u00faltima semana en una gira por varios estados clave, incluyendo el s\u00e1bado en Nevada y el viernes en\u00a0Arizona.<\/span><\/p>\n<\/div>\n<\/article>\n","protected":false},"excerpt":{"rendered":"<p>El presidente de Estados Unidos,\u00a0Joe Biden, se\u00f1al\u00f3 este domingo en una entrevista televisiva que se lanzar\u00e1 a apoyar la\u00a0candidatura de<\/p>\n","protected":false},"author":4,"featured_media":43917,"comment_status":"closed","ping_status":"closed","sticky":false,"template":"","format":"standard","meta":{"colormag_page_container_layout":"default_layout","colormag_page_sidebar_layout":"default_layout","_jetpack_memberships_contains_paid_content":false,"footnotes":"","jetpack_publicize_message":"","jetpack_publicize_feature_enabled":true,"jetpack_social_post_already_shared":false,"jetpack_social_options":{"image_generator_settings":{"template":"highway","default_image_id":0,"font":"","enabled":false},"version":2}},"categories":[28],"tags":[],"class_list":["post-43916","post","type-post","status-publish","format-standard","has-post-thumbnail","hentry","category-internacional"],"jetpack_publicize_connections":[],"jetpack_featured_media_url":"https:\/\/i0.wp.com\/politicosaldesnudo.com.mx\/wp-content\/uploads\/2024\/08\/Kamal-Harris-Joe-Biden.jpg?fit=768%2C479&ssl=1","jetpack-related-posts":[],"jetpack_sharing_enabled":true,"_links":{"self":[{"href":"https:\/\/politicosaldesnudo.com.mx\/index.php\/wp-json\/wp\/v2\/posts\/43916","targetHints":{"allow":["GET"]}}],"collection":[{"href":"https:\/\/politicosaldesnudo.com.mx\/index.php\/wp-json\/wp\/v2\/posts"}],"about":[{"href":"https:\/\/politicosaldesnudo.com.mx\/index.php\/wp-json\/wp\/v2\/types\/post"}],"author":[{"embeddable":true,"href":"https:\/\/politicosaldesnudo.com.mx\/index.php\/wp-json\/wp\/v2\/users\/4"}],"replies":[{"embeddable":true,"href":"https:\/\/politicosaldesnudo.com.mx\/index.php\/wp-json\/wp\/v2\/comments?post=43916"}],"version-history":[{"count":0,"href":"https:\/\/politicosaldesnudo.com.mx\/index.php\/wp-json\/wp\/v2\/posts\/43916\/revisions"}],"wp:featuredmedia":[{"embeddable":true,"href":"https:\/\/politicosaldesnudo.com.mx\/index.php\/wp-json\/wp\/v2\/media\/43917"}],"wp:attachment":[{"href":"https:\/\/politicosaldesnudo.com.mx\/index.php\/wp-json\/wp\/v2\/media?parent=43916"}],"wp:term":[{"taxonomy":"category","embeddable":true,"href":"https:\/\/politicosaldesnudo.com.mx\/index.php\/wp-json\/wp\/v2\/categories?post=43916"},{"taxonomy":"post_tag","embeddable":true,"href":"https:\/\/politicosaldesnudo.com.mx\/index.php\/wp-json\/wp\/v2\/tags?post=43916"}],"curies":[{"name":"wp","href":"https:\/\/api.w.org\/{rel}","templated":true}]}}