{"id":43952,"date":"2024-08-12T09:02:23","date_gmt":"2024-08-12T14:02:23","guid":{"rendered":"https:\/\/politicosaldesnudo.com.mx\/?p=43952"},"modified":"2024-08-12T09:02:23","modified_gmt":"2024-08-12T14:02:23","slug":"colectivo-realizo-busqueda-en-ceresos-del-sur-de-veracruz","status":"publish","type":"post","link":"https:\/\/politicosaldesnudo.com.mx\/index.php\/2024\/08\/12\/colectivo-realizo-busqueda-en-ceresos-del-sur-de-veracruz\/","title":{"rendered":"Colectivo realiz\u00f3 b\u00fasqueda en CERESOS del Sur de Veracruz"},"content":{"rendered":"<p><span style=\"font-size: 14pt;\">El colectivo de b\u00fasqueda de personas desaparecidas Pozarricense \u00abAyuda a regresar a Luis Alberto Calleja\u00bb llevaron a cabo labores de b\u00fasqueda en vida en algunos Centros de Readaptaci\u00f3n Social del Sur de Veracruz.<\/span><\/p>\n<p><span style=\"font-size: 14pt;\">Noemi Martag\u00f3n, Presidenta del Colectivo, se\u00f1al\u00f3 que durante los d\u00edas 5, 6 y 7 de agosto visitaron los penales de los municipios de Misantla, Amatl\u00e1n de los Reyes, Jalacingo y Pancho Viejo.\u00a0<\/span><\/p>\n<p><span style=\"font-size: 14pt;\">Indic\u00f3 que a\u00fan cuando los resultados no fueron favorables, su labor de b\u00fasqueda continuar\u00e1 por todo el territorio veracruzano, por lo que solicitan a las autoridades proporcionar la ayuda necesaria para encontrar a sus familiares desaparecidos.\u00a0<\/span><\/p>\n","protected":false},"excerpt":{"rendered":"<p>El colectivo de b\u00fasqueda de personas desaparecidas Pozarricense \u00abAyuda a regresar a Luis Alberto Calleja\u00bb llevaron a cabo labores de<\/p>\n","protected":false},"author":4,"featured_media":43953,"comment_status":"closed","ping_status":"closed","sticky":false,"template":"","format":"standard","meta":{"colormag_page_container_layout":"default_layout","colormag_page_sidebar_layout":"default_layout","_jetpack_memberships_contains_paid_content":false,"footnotes":"","jetpack_publicize_message":"","jetpack_publicize_feature_enabled":true,"jetpack_social_post_already_shared":false,"jetpack_social_options":{"image_generator_settings":{"template":"highway","default_image_id":0,"font":"","enabled":false},"version":2}},"categories":[1082],"tags":[],"class_list":["post-43952","post","type-post","status-publish","format-standard","has-post-thumbnail","hentry","category-tuxpan"],"jetpack_publicize_connections":[],"jetpack_featured_media_url":"https:\/\/i0.wp.com\/politicosaldesnudo.com.mx\/wp-content\/uploads\/2024\/08\/colectivo-realiza-busqueda-en-ceresos-del-sur-de-veracruz-541373.jpeg?fit=800%2C600&ssl=1","jetpack-related-posts":[],"jetpack_sharing_enabled":true,"_links":{"self":[{"href":"https:\/\/politicosaldesnudo.com.mx\/index.php\/wp-json\/wp\/v2\/posts\/43952","targetHints":{"allow":["GET"]}}],"collection":[{"href":"https:\/\/politicosaldesnudo.com.mx\/index.php\/wp-json\/wp\/v2\/posts"}],"about":[{"href":"https:\/\/politicosaldesnudo.com.mx\/index.php\/wp-json\/wp\/v2\/types\/post"}],"author":[{"embeddable":true,"href":"https:\/\/politicosaldesnudo.com.mx\/index.php\/wp-json\/wp\/v2\/users\/4"}],"replies":[{"embeddable":true,"href":"https:\/\/politicosaldesnudo.com.mx\/index.php\/wp-json\/wp\/v2\/comments?post=43952"}],"version-history":[{"count":0,"href":"https:\/\/politicosaldesnudo.com.mx\/index.php\/wp-json\/wp\/v2\/posts\/43952\/revisions"}],"wp:featuredmedia":[{"embeddable":true,"href":"https:\/\/politicosaldesnudo.com.mx\/index.php\/wp-json\/wp\/v2\/media\/43953"}],"wp:attachment":[{"href":"https:\/\/politicosaldesnudo.com.mx\/index.php\/wp-json\/wp\/v2\/media?parent=43952"}],"wp:term":[{"taxonomy":"category","embeddable":true,"href":"https:\/\/politicosaldesnudo.com.mx\/index.php\/wp-json\/wp\/v2\/categories?post=43952"},{"taxonomy":"post_tag","embeddable":true,"href":"https:\/\/politicosaldesnudo.com.mx\/index.php\/wp-json\/wp\/v2\/tags?post=43952"}],"curies":[{"name":"wp","href":"https:\/\/api.w.org\/{rel}","templated":true}]}}