{"id":43958,"date":"2024-08-12T09:07:11","date_gmt":"2024-08-12T14:07:11","guid":{"rendered":"https:\/\/politicosaldesnudo.com.mx\/?p=43958"},"modified":"2024-08-12T09:07:11","modified_gmt":"2024-08-12T14:07:11","slug":"desconfianza-drogas-y-falta-de-cambio","status":"publish","type":"post","link":"https:\/\/politicosaldesnudo.com.mx\/index.php\/2024\/08\/12\/desconfianza-drogas-y-falta-de-cambio\/","title":{"rendered":"Desconfianza, drogas y falta de cambio"},"content":{"rendered":"<p><span style=\"font-size: 14pt;\"><strong>Por: Zaira Rosas<\/strong><\/span><\/p>\n<p><span style=\"font-size: 14pt;\"><strong>zairosas.22@gmail.com<\/strong><\/span><\/p>\n<p><span style=\"font-size: 14pt;\">La detenci\u00f3n del Mayo Zambada no se realiz\u00f3 como parte de una lucha contra el narcotr\u00e1fico, pues como bien declar\u00f3 uno de los capos m\u00e1s famosos en 2010: \u201cSi me atrapan o me matan\u2026 nada cambia\u201d, en efecto esta detenci\u00f3n no va a frenar el crecimiento acelerado de distribuci\u00f3n de fentanilo y otros estupefacientes, pero s\u00ed es una declaratoria de Estados Unidos a M\u00e9xico, que hace evidente la desconfianza para la cooperaci\u00f3n entre agencias de investigaci\u00f3n.<\/span><\/p>\n<p><span style=\"font-size: 14pt;\">Esta detenci\u00f3n es un mensaje contundente a nuestra naci\u00f3n y nos invita a analizar la confianza desmedida que se ha depositado en nuestras autoridades, quienes de acuerdo a las declaraciones de los mismos narcotraficantes tienen estrechos v\u00ednculos criminales que sobrepasan la ficci\u00f3n y donde el poder realmente se disputa en m\u00e1s canchas de las que podemos imaginar.<\/span><\/p>\n<p><span style=\"font-size: 14pt;\">M\u00e9xico a\u00fan no tiene informaci\u00f3n clara de qu\u00e9 fue lo que ocurri\u00f3 realmente para que el hijo de \u201cEl Chapo\u201d y El Mayo Zambada acabaran en una detenci\u00f3n en el pa\u00eds vecino, lo que s\u00ed se sabe es que son ellos los conocedores de los v\u00ednculos y arreglos m\u00e1s profundos que el crimen ha hecho durante d\u00e9cadas con figuras pol\u00edticas de nuestro pa\u00eds, que la corrupci\u00f3n sigue siendo latente y los lazos con criminales dejan a su paso mayores agravios que el consumo o venta de drogas, hay tambi\u00e9n m\u00faltiples desapariciones forzadas en las que el Estado tambi\u00e9n ha sido c\u00f3mplice y otras complicaciones de m\u00e1s conocidas como el lavado de dinero donde aunque se hagan m\u00faltiples detenciones de capos, nada cambia.<\/span><\/p>\n<p><span style=\"font-size: 14pt;\">En 2010 Julio Scherer Garc\u00eda realiz\u00f3 una entrevista hist\u00f3rica, reconocida como uno de los grandes trabajos period\u00edsticos pues aunque era detallada respecto a la mentalidad de El Mayo Zambada no daba mayor informaci\u00f3n respecto al lugar de reuni\u00f3n, sin embargo en esa entrevista el narcotraficante hizo una radiograf\u00eda que permite entender mejor lo que vivimos hoy, en primer lugar su incursi\u00f3n en la vida criminal, a los 16 a\u00f1os, sin requerir mayor explicaci\u00f3n pues se dio en un contexto de necesidad y profunda violencia.<\/span><\/p>\n<p><span style=\"font-size: 14pt;\">Estas narraciones hacen latente el M\u00e9xico de nuestros d\u00edas donde el norte de llena de una narco cultura, lo casual son las armas y entender que no bastan millones de recompensa para traicionar a quienes han hecho prosperar su entorno. El Mayo Zambada dijo en esa misma entrevista que el narco envuelve a millones, est\u00e1 en la sociedad, arraigado como la corrupci\u00f3n, siempre hay alguien a espera de ser el remplazo de otro y a\u00fan m\u00e1s importante que al presidente le enga\u00f1an sus colaboradores. \u00bfHa cambiado la situaci\u00f3n 14 a\u00f1os despu\u00e9s? Seguramente no e incluso los problemas se han incrementado.<\/span><\/p>\n<p><span style=\"font-size: 14pt;\">En aquel entonces la entrevista gener\u00f3 todo tipo de controversias pues un periodista hab\u00eda logrado lo que al gobierno en d\u00e9cadas no le hab\u00eda sido posible, de igual manera detallaba algunos v\u00ednculos de figuras pol\u00edticas con El Mayo Zambada, 14 a\u00f1os despu\u00e9s el pa\u00eds vecino tambi\u00e9n cuestiona la falta de acci\u00f3n del gobierno mexicano.<\/span><\/p>\n<p><span style=\"font-size: 14pt;\">Con la detenci\u00f3n de Joaqu\u00edn Guzm\u00e1n se detallaron v\u00ednculos cercanos entre gobierno y criminales y a\u00fan as\u00ed no cambi\u00f3 nada. Actualmente El Mayo Zambada relata que su detenci\u00f3n ha sido producto de un enga\u00f1o, de igual forma su intenci\u00f3n de mediar el 25 de julio en una reuni\u00f3n entre H\u00e9ctor Cu\u00e9n, quien fue asesinado ese d\u00eda y Rub\u00e9n Rocha Moya. Entre ambas personas exist\u00eda rivalidad y de acuerdo al narcotraficante su intenci\u00f3n era mediar entre ambos.<\/span><\/p>\n<p><span style=\"font-size: 14pt;\">Rub\u00e9n Rocha Moya ha recibido el respaldo del presidente Andr\u00e9s Manuel L\u00f3pez Obrador, sin embargo, el gobernador de Sinaloa niega tener v\u00ednculos con el crimen organizado, aunque H\u00e9ctor Cu\u00e9n se\u00f1al\u00f3 que recibi\u00f3 dinero del narco para financiar su campa\u00f1a. El capo en un escrito difundido por sus abogados relata su secuestro para ser entregado a las autoridades de EUA, pero tambi\u00e9n que H\u00e9ctor Cuen estaba en el rancho donde ser\u00eda la reuni\u00f3n, que ah\u00ed mismo fue asesinado y hace un llamado a los sinaloenses para mantener la paz.<\/span><\/p>\n<p><span style=\"font-size: 14pt;\">De ser ver\u00eddico, la historia no sorprende, es cierto que los lazos de colaboraci\u00f3n entre gobierno y criminales son los que han facilitado la expansi\u00f3n de sus negocios, lo que sorprende es que durante d\u00e9cadas la misma sociedad se ha vuelto, ciega, sorda y muda, pues hemos sido c\u00f3mplices de dicha expansi\u00f3n. Como bien dijo hace 14 a\u00f1os El Mayo. Nada cambia.<\/span><\/p>\n","protected":false},"excerpt":{"rendered":"<p>Por: Zaira Rosas zairosas.22@gmail.com La detenci\u00f3n del Mayo Zambada no se realiz\u00f3 como parte de una lucha contra el narcotr\u00e1fico,<\/p>\n","protected":false},"author":4,"featured_media":4371,"comment_status":"closed","ping_status":"closed","sticky":false,"template":"","format":"standard","meta":{"colormag_page_container_layout":"default_layout","colormag_page_sidebar_layout":"default_layout","_jetpack_memberships_contains_paid_content":false,"footnotes":"","jetpack_publicize_message":"","jetpack_publicize_feature_enabled":true,"jetpack_social_post_already_shared":false,"jetpack_social_options":{"image_generator_settings":{"template":"highway","default_image_id":0,"font":"","enabled":false},"version":2}},"categories":[26],"tags":[],"class_list":["post-43958","post","type-post","status-publish","format-standard","has-post-thumbnail","hentry","category-columnistas"],"jetpack_publicize_connections":[],"jetpack_featured_media_url":"https:\/\/i0.wp.com\/politicosaldesnudo.com.mx\/wp-content\/uploads\/2022\/04\/ZR1.png?fit=1816%2C1016&ssl=1","jetpack-related-posts":[],"jetpack_sharing_enabled":true,"_links":{"self":[{"href":"https:\/\/politicosaldesnudo.com.mx\/index.php\/wp-json\/wp\/v2\/posts\/43958","targetHints":{"allow":["GET"]}}],"collection":[{"href":"https:\/\/politicosaldesnudo.com.mx\/index.php\/wp-json\/wp\/v2\/posts"}],"about":[{"href":"https:\/\/politicosaldesnudo.com.mx\/index.php\/wp-json\/wp\/v2\/types\/post"}],"author":[{"embeddable":true,"href":"https:\/\/politicosaldesnudo.com.mx\/index.php\/wp-json\/wp\/v2\/users\/4"}],"replies":[{"embeddable":true,"href":"https:\/\/politicosaldesnudo.com.mx\/index.php\/wp-json\/wp\/v2\/comments?post=43958"}],"version-history":[{"count":0,"href":"https:\/\/politicosaldesnudo.com.mx\/index.php\/wp-json\/wp\/v2\/posts\/43958\/revisions"}],"wp:featuredmedia":[{"embeddable":true,"href":"https:\/\/politicosaldesnudo.com.mx\/index.php\/wp-json\/wp\/v2\/media\/4371"}],"wp:attachment":[{"href":"https:\/\/politicosaldesnudo.com.mx\/index.php\/wp-json\/wp\/v2\/media?parent=43958"}],"wp:term":[{"taxonomy":"category","embeddable":true,"href":"https:\/\/politicosaldesnudo.com.mx\/index.php\/wp-json\/wp\/v2\/categories?post=43958"},{"taxonomy":"post_tag","embeddable":true,"href":"https:\/\/politicosaldesnudo.com.mx\/index.php\/wp-json\/wp\/v2\/tags?post=43958"}],"curies":[{"name":"wp","href":"https:\/\/api.w.org\/{rel}","templated":true}]}}