{"id":44003,"date":"2024-08-13T08:21:39","date_gmt":"2024-08-13T13:21:39","guid":{"rendered":"https:\/\/politicosaldesnudo.com.mx\/?p=44003"},"modified":"2024-08-13T08:21:39","modified_gmt":"2024-08-13T13:21:39","slug":"excluirme-del-pri-en-el-senado-es-una-decision-arbitraria-manlio-fabio-beltrones","status":"publish","type":"post","link":"https:\/\/politicosaldesnudo.com.mx\/index.php\/2024\/08\/13\/excluirme-del-pri-en-el-senado-es-una-decision-arbitraria-manlio-fabio-beltrones\/","title":{"rendered":"Excluirme del PRI en el Senado es una decisi\u00f3n arbitraria: Manlio Fabio Beltrones"},"content":{"rendered":"<div>\n<div id=\"content-body-225-12389067\">\n<p><span style=\"font-size: 14pt;\">Manlio Fabio Beltrones, militante del PRI desde hace m\u00e1s de 50 a\u00f1os, acus\u00f3 que\u00a0su exclusi\u00f3n de la bancada tricolor en el Senado es una decisi\u00f3n arbitraria.<\/span><\/p>\n<p><span style=\"font-size: 14pt;\">\u201cEs tan ilegal la asamblea del PRI, como cualquier intento de represion en mi contra y de todo militante. Excluirme del grupo parlamentario en el Senado es una decisi\u00f3n unilateral y arbitraria\u00bb, sostuvo Beltrones a trav\u00e9s de su cuenta en X.<\/span><\/p>\n<\/div>\n<\/div>\n<div>\n<div id=\"dfp-nota-1x3s\" data-google-query-id=\"CNO2orqH8ocDFaqZAAAdPN4zkQ\">\n<div id=\"google_ads_iframe_\/2000002\/la-prensa\/mexico_nota_1x3_0__container__\">\n<div id=\"inArticle_1\">\n<div>\n<div>\n<div>\n<div><span style=\"font-size: 14pt;\">Asimismo, dijo que Alejandro Moreno no representa la unidad del partido, y lo \u00fanico que ha hecho es secuestrarlo.<\/span><\/p>\n<\/div>\n<div><span style=\"font-size: 14pt;\">\u201cTeng\u00e1moslo claro, esta dirigencia reeleccionista no representa la Unidad, el PRI de &#8216;Alito&#8217; debiendo ser formal, se ve\u00a0marrullero y mezquino con los suyos y peque\u00f1o ante la sociedad\u00bb.<\/span><\/div>\n<\/div>\n<\/div>\n<\/div>\n<\/div>\n<\/div>\n<\/div>\n<\/div>\n<article>\n<div id=\"content-body-5851641-12389067\">\n<p><span style=\"font-size: 14pt;\">Malio Fabio Beltrones asegur\u00f3 que\u00a0lo \u00fanico que ha hecho Alejandro Moreno es secuestrar al partido\u00a0y que debe ser el Tribunal Electoral y el INE quienes resuelvan la impugnaci\u00f3n hecha por militantes del tricolor, pues aseguran que el proceso de renovaci\u00f3n de la dirigencia es ilegal<\/span><\/p>\n<p><span style=\"font-size: 14pt;\">\u00abLo prioritario es defender al Partido,\u00a0esperar\u00e9 el resultado de las denuncias interpuestas ante el INE y el TEPJF, donde deber\u00e1n restablecer el orden legal para, posteriormente, a nivel personal, resolver mis siguientes pasos\u00bb, expres\u00f3 el pri\u00edsta sonorense.<\/span><\/p>\n<p><span style=\"font-size: 14pt;\">Manlio Fabio Beltrones llam\u00f3 a los priistas a rescatar al PRI de manos de Alejandro Moreno, pues asegur\u00f3 que no le pertenece, y que es necesario que la militancia que realmente ha defendido por muchos a\u00f1os este grupo pol\u00edtico hoy sumen fuerzas.<\/span><\/p>\n<\/div>\n<\/article>\n","protected":false},"excerpt":{"rendered":"<p>Manlio Fabio Beltrones, militante del PRI desde hace m\u00e1s de 50 a\u00f1os, acus\u00f3 que\u00a0su exclusi\u00f3n de la bancada tricolor en<\/p>\n","protected":false},"author":4,"featured_media":44004,"comment_status":"closed","ping_status":"closed","sticky":false,"template":"","format":"standard","meta":{"colormag_page_container_layout":"default_layout","colormag_page_sidebar_layout":"default_layout","_jetpack_memberships_contains_paid_content":false,"footnotes":"","jetpack_publicize_message":"","jetpack_publicize_feature_enabled":true,"jetpack_social_post_already_shared":false,"jetpack_social_options":{"image_generator_settings":{"template":"highway","default_image_id":0,"font":"","enabled":false},"version":2}},"categories":[33],"tags":[],"class_list":["post-44003","post","type-post","status-publish","format-standard","has-post-thumbnail","hentry","category-nacional"],"jetpack_publicize_connections":[],"jetpack_featured_media_url":"https:\/\/i0.wp.com\/politicosaldesnudo.com.mx\/wp-content\/uploads\/2024\/08\/Manlio-Fabio-Beltrones-se-lanza-contra-Alejandro-Moreno.png?fit=768%2C479&ssl=1","jetpack-related-posts":[],"jetpack_sharing_enabled":true,"_links":{"self":[{"href":"https:\/\/politicosaldesnudo.com.mx\/index.php\/wp-json\/wp\/v2\/posts\/44003","targetHints":{"allow":["GET"]}}],"collection":[{"href":"https:\/\/politicosaldesnudo.com.mx\/index.php\/wp-json\/wp\/v2\/posts"}],"about":[{"href":"https:\/\/politicosaldesnudo.com.mx\/index.php\/wp-json\/wp\/v2\/types\/post"}],"author":[{"embeddable":true,"href":"https:\/\/politicosaldesnudo.com.mx\/index.php\/wp-json\/wp\/v2\/users\/4"}],"replies":[{"embeddable":true,"href":"https:\/\/politicosaldesnudo.com.mx\/index.php\/wp-json\/wp\/v2\/comments?post=44003"}],"version-history":[{"count":0,"href":"https:\/\/politicosaldesnudo.com.mx\/index.php\/wp-json\/wp\/v2\/posts\/44003\/revisions"}],"wp:featuredmedia":[{"embeddable":true,"href":"https:\/\/politicosaldesnudo.com.mx\/index.php\/wp-json\/wp\/v2\/media\/44004"}],"wp:attachment":[{"href":"https:\/\/politicosaldesnudo.com.mx\/index.php\/wp-json\/wp\/v2\/media?parent=44003"}],"wp:term":[{"taxonomy":"category","embeddable":true,"href":"https:\/\/politicosaldesnudo.com.mx\/index.php\/wp-json\/wp\/v2\/categories?post=44003"},{"taxonomy":"post_tag","embeddable":true,"href":"https:\/\/politicosaldesnudo.com.mx\/index.php\/wp-json\/wp\/v2\/tags?post=44003"}],"curies":[{"name":"wp","href":"https:\/\/api.w.org\/{rel}","templated":true}]}}