{"id":44006,"date":"2024-08-13T08:24:33","date_gmt":"2024-08-13T13:24:33","guid":{"rendered":"https:\/\/politicosaldesnudo.com.mx\/?p=44006"},"modified":"2024-08-13T08:24:33","modified_gmt":"2024-08-13T13:24:33","slug":"claudia-sheinbaum-incluira-en-su-gabinete-a-5-ex-gobernadores-de-morena","status":"publish","type":"post","link":"https:\/\/politicosaldesnudo.com.mx\/index.php\/2024\/08\/13\/claudia-sheinbaum-incluira-en-su-gabinete-a-5-ex-gobernadores-de-morena\/","title":{"rendered":"Claudia Sheinbaum incluir\u00e1 en su gabinete a 5 ex gobernadores de Morena"},"content":{"rendered":"<div>\n<div id=\"content-body-225-12386938\">\n<p><span style=\"font-size: 14pt;\">Claudia Sheinbaum, presidenta electa, inform\u00f3 que\u00a0incluir\u00e1 en su gabinete a cinco exgobernadores\u00a0que integran la\u00a0Cuarta Transformaci\u00f3n, entre ellos al de\u00a0Chiapas, Tabasco, Veracruz, Puebla y Ciudad de M\u00e9xico.\u00a0En los\u00a0pr\u00f3ximos d\u00edas informar\u00e1\u00a0las\u00a0actividades\u00a0que desempe\u00f1ar\u00e1n los exmandatarios de Morena.<\/span><\/p>\n<p><span style=\"font-size: 14pt;\">En conferencia de prensa, y tras dar a conocer a quien ser\u00e1 la titular de la Comisi\u00f3n Federal de Electricidad, Emilia Estar Calleja, Claudia\u00a0Sheinbaum\u00a0indic\u00f3 que\u00a0decidi\u00f3 incluir a los exgobernadores de Morena.<\/span><\/p>\n<\/div>\n<\/div>\n<div>\n<div id=\"dfp-nota-1x3s\" data-google-query-id=\"COq6rvOH8ocDFd-PAAAdvUIKng\">\n<div id=\"google_ads_iframe_\/2000002\/la-prensa\/mexico_nota_1x3_0__container__\"><span style=\"font-size: 14pt;\">Por ello, el gabinete presidencial de Claudia Sheinbaum tambi\u00e9n se integrar\u00e1 por Mart\u00ed Batres, jefe de gobierno de la Ciudad de M\u00e9xico,\u00a0Cuitl\u00e1huac Garc\u00eda\u00a0exgobernador de Veracruz,\u00a0Sergio Salom\u00f3n C\u00e9spedes\u00a0de Puebla,\u00a0Carlos Merino Campos\u00a0de Tabasco, y\u00a0Rutilio Escand\u00f3n de Chiapas.<\/span><\/div>\n<\/div>\n<\/div>\n<article>\n<div id=\"content-body-5851641-12386938\">\n<p><span style=\"font-size: 14pt;\">Todos los compa\u00f1eros que est\u00e1n dejando sus gobiernos estatales van a participar en el gobierno federal.Claudia Sheinbaum.<\/span><\/p>\n<p><span style=\"font-size: 14pt;\">Asimismo, manifest\u00f3 que hasta ahora\u00a0no han confirmado ning\u00fan mandatario para venir a la toma de protesta\u00a0el 1 de octubre.<\/span><\/p>\n<p><span style=\"font-size: 14pt;\">Sheinbaum apoya a Rocha Moya ante supuesto v\u00ednculo con El Mayo Zambada<\/span><\/p>\n<p><span style=\"font-size: 14pt;\">Claudia\u00a0Sheinbaum\u00a0manifest\u00f3 su apoyo al gobernador de Sinaloa,\u00a0Rub\u00e9n Rocha Moya, luego de El Mayo Zambada revel\u00f3 que\u00a0supuestamente\u00a0tendr\u00eda\u00a0una\u00a0reuni\u00f3n\u00a0con \u00e9l.<\/span><\/p>\n<p><span style=\"font-size: 14pt;\">Al respecto, Sheinbaum asegur\u00f3 que \u201cle creemos, que\u00a0\u00e9l no ten\u00eda ning\u00fan conocimiento, que \u00e9l estaba fuera del estado.\u00a0\u00c9l es compa\u00f1ero del movimiento\u00a0y tiene un gran apoyo popular. La gente lo quiere mucho\u201d. Adem\u00e1s, pidi\u00f3 no estigmatizar a Sinaloa ni a sus habitantes.<\/span><\/p>\n<\/div>\n<\/article>\n","protected":false},"excerpt":{"rendered":"<p>Claudia Sheinbaum, presidenta electa, inform\u00f3 que\u00a0incluir\u00e1 en su gabinete a cinco exgobernadores\u00a0que integran la\u00a0Cuarta Transformaci\u00f3n, entre ellos al de\u00a0Chiapas, Tabasco,<\/p>\n","protected":false},"author":4,"featured_media":44007,"comment_status":"closed","ping_status":"closed","sticky":false,"template":"","format":"standard","meta":{"colormag_page_container_layout":"default_layout","colormag_page_sidebar_layout":"default_layout","_jetpack_memberships_contains_paid_content":false,"footnotes":"","jetpack_publicize_message":"","jetpack_publicize_feature_enabled":true,"jetpack_social_post_already_shared":false,"jetpack_social_options":{"image_generator_settings":{"template":"highway","default_image_id":0,"font":"","enabled":false},"version":2}},"categories":[33],"tags":[],"class_list":["post-44006","post","type-post","status-publish","format-standard","has-post-thumbnail","hentry","category-nacional"],"jetpack_publicize_connections":[],"jetpack_featured_media_url":"https:\/\/i0.wp.com\/politicosaldesnudo.com.mx\/wp-content\/uploads\/2024\/08\/Claudia-Sheinbaum.jpg?fit=768%2C479&ssl=1","jetpack-related-posts":[],"jetpack_sharing_enabled":true,"_links":{"self":[{"href":"https:\/\/politicosaldesnudo.com.mx\/index.php\/wp-json\/wp\/v2\/posts\/44006","targetHints":{"allow":["GET"]}}],"collection":[{"href":"https:\/\/politicosaldesnudo.com.mx\/index.php\/wp-json\/wp\/v2\/posts"}],"about":[{"href":"https:\/\/politicosaldesnudo.com.mx\/index.php\/wp-json\/wp\/v2\/types\/post"}],"author":[{"embeddable":true,"href":"https:\/\/politicosaldesnudo.com.mx\/index.php\/wp-json\/wp\/v2\/users\/4"}],"replies":[{"embeddable":true,"href":"https:\/\/politicosaldesnudo.com.mx\/index.php\/wp-json\/wp\/v2\/comments?post=44006"}],"version-history":[{"count":0,"href":"https:\/\/politicosaldesnudo.com.mx\/index.php\/wp-json\/wp\/v2\/posts\/44006\/revisions"}],"wp:featuredmedia":[{"embeddable":true,"href":"https:\/\/politicosaldesnudo.com.mx\/index.php\/wp-json\/wp\/v2\/media\/44007"}],"wp:attachment":[{"href":"https:\/\/politicosaldesnudo.com.mx\/index.php\/wp-json\/wp\/v2\/media?parent=44006"}],"wp:term":[{"taxonomy":"category","embeddable":true,"href":"https:\/\/politicosaldesnudo.com.mx\/index.php\/wp-json\/wp\/v2\/categories?post=44006"},{"taxonomy":"post_tag","embeddable":true,"href":"https:\/\/politicosaldesnudo.com.mx\/index.php\/wp-json\/wp\/v2\/tags?post=44006"}],"curies":[{"name":"wp","href":"https:\/\/api.w.org\/{rel}","templated":true}]}}