{"id":44009,"date":"2024-08-13T08:26:30","date_gmt":"2024-08-13T13:26:30","guid":{"rendered":"https:\/\/politicosaldesnudo.com.mx\/?p=44009"},"modified":"2024-08-13T08:26:30","modified_gmt":"2024-08-13T13:26:30","slug":"independencia-judicial-fomenta-confianza-en-jueces-norma-pina-ministra-presidenta-de-la-scjn","status":"publish","type":"post","link":"https:\/\/politicosaldesnudo.com.mx\/index.php\/2024\/08\/13\/independencia-judicial-fomenta-confianza-en-jueces-norma-pina-ministra-presidenta-de-la-scjn\/","title":{"rendered":"Independencia judicial fomenta confianza en jueces: Norma Pi\u00f1a, ministra presidenta de la SCJN"},"content":{"rendered":"<div>\n<div id=\"content-body-225-12387467\">\n<p><span style=\"font-size: 14pt;\">Norma Pi\u00f1a Hern\u00e1ndez,\u00a0ministra\u00a0presidenta de la Suprema Corte de Justicia de la Naci\u00f3n (SCJN), asegur\u00f3 que la\u00a0independencia\u00a0y la\u00a0responsabilidad\u00a0son elementos\u00a0fundamentales\u00a0para fomentar la\u00a0confianza\u00a0de la sociedad\u00a0en\u00a0sus\u00a0jueces.<\/span><\/p>\n<p><span style=\"font-size: 14pt;\">\u201cPreservemos la independencia judicial, es nuestro patrimonio, es un patrimonio de la humanidad. La\u00a0independencia judicial\u00a0es un\u00a0derecho de todas las personas, es un derecho del pueblo\u201d, coment\u00f3 durante la inauguraci\u00f3n del\u00a0Encuentro Internacional sobre Independencia Judicial.<\/span><\/p>\n<\/div>\n<\/div>\n<div>\n<div id=\"dfp-nota-1x1s\" data-google-query-id=\"CIOBlMWI8ocDFaikpgQdE4k7Fg\">\n<div id=\"google_ads_iframe_\/2000002\/la-prensa\/mexico_nota_1x1_0__container__\"><span style=\"font-size: 14pt;\">En el encuentro tambi\u00e9n particip\u00f3 la directora\u00a0del\u00a0Instituto de Investigaciones Jur\u00eddicas\u00a0de la\u00a0UNAM, M\u00f3nica Gonz\u00e1lez Contr\u00f3, quien reiter\u00f3 la\u00a0importancia\u00a0de un\u00a0Poder Judicial independiente, con\u00a0personas\u00a0juzgadoras\u00a0de s\u00f3lida\u00a0preparaci\u00f3n, que sea capaz de interpretar\u00a0normas con perspectiva de derecho\u00a0y que tenga la garant\u00eda de\u00a0proteger derechos sin poner en riesgo la carrera, la libertad o la vida, como desafortunadamente ocurre hoy, argument\u00f3.<\/span><\/div>\n<\/div>\n<\/div>\n<article>\n<div id=\"content-body-5851641-12387467\">\n<p><span style=\"font-size: 14pt;\">El representante\u00a0en\u00a0M\u00e9xico\u00a0de las Naciones Unidas para los Derechos Humanos (ONU-DH), Jes\u00fas Pe\u00f1a Palacios, se\u00f1al\u00f3 que para que una\u00a0decisi\u00f3n\u00a0sea\u00a0justa\u00a0debe\u00a0basarse\u00a0en los\u00a0hechos\u00a0y estar\u00a0ligada\u00a0con el\u00a0derecho. Tambi\u00e9n debe estar\u00a0libre de influencia, presi\u00f3n, amenaza o intromisi\u00f3n\u00a0indebida. Debe brindar\u00a0soluciones\u00a0que\u00a0respondan\u00a0a las\u00a0necesidades\u00a0de las personas y debe de ser receptiva, responsable,\u00a0transparente\u00a0y verificable.<\/span><\/p>\n<p><span style=\"font-size: 14pt;\">El encuentro se da a unos d\u00edas de que concluyeron los\u00a0nueve foros de di\u00e1logo\u00a0organizados\u00a0por la\u00a0C\u00e1mara de Diputados\u00a0para\u00a0discutir\u00a0la\u00a0iniciativa de reforma del Poder Judicial\u00a0enviada por el presidente Andr\u00e9s Manuel L\u00f3pez Obrador.<\/span><\/p>\n<p><span style=\"font-size: 14pt;\">\u00bfQui\u00e9nes participar\u00e1n en el di\u00e1logo sobre la independencia judicial?<\/span><\/p>\n<p><span style=\"font-size: 14pt;\">En este espacio se llevar\u00e1n a cabo\u00a0tres d\u00edas de di\u00e1logos\u00a0con organizaciones civiles e internacionales, al igual que con miembros del Poder Legislativo. Este encuentro fue\u00a0convocado por la SCJN, por el\u00a0Consejo de la Judicatura Federal, por la\u00a0Oficina\u00a0del Alto Comisionado de las\u00a0Naciones Unidas para los Derechos Humanos y\u00a0por el Instituto de Investigaciones Jur\u00eddicas de la\u00a0UNAM.<\/span><\/p>\n<p><span style=\"font-size: 14pt;\">En un comunicado de prensa, la\u00a0SCJN\u00a0enfatiz\u00f3 en que se tiene el\u00a0prop\u00f3sito de visibilizar la relevancia global\u00a0para preservar la\u00a0independencia judicial, que es piedra angular de los Estados democr\u00e1ticos de derecho.<\/span><\/p>\n<\/div>\n<\/article>\n","protected":false},"excerpt":{"rendered":"<p>Norma Pi\u00f1a Hern\u00e1ndez,\u00a0ministra\u00a0presidenta de la Suprema Corte de Justicia de la Naci\u00f3n (SCJN), asegur\u00f3 que la\u00a0independencia\u00a0y la\u00a0responsabilidad\u00a0son elementos\u00a0fundamentales\u00a0para fomentar la\u00a0confianza\u00a0de<\/p>\n","protected":false},"author":4,"featured_media":44010,"comment_status":"closed","ping_status":"closed","sticky":false,"template":"","format":"standard","meta":{"colormag_page_container_layout":"default_layout","colormag_page_sidebar_layout":"default_layout","_jetpack_memberships_contains_paid_content":false,"footnotes":"","jetpack_publicize_message":"","jetpack_publicize_feature_enabled":true,"jetpack_social_post_already_shared":false,"jetpack_social_options":{"image_generator_settings":{"template":"highway","default_image_id":0,"font":"","enabled":false},"version":2}},"categories":[33],"tags":[],"class_list":["post-44009","post","type-post","status-publish","format-standard","has-post-thumbnail","hentry","category-nacional"],"jetpack_publicize_connections":[],"jetpack_featured_media_url":"https:\/\/i0.wp.com\/politicosaldesnudo.com.mx\/wp-content\/uploads\/2024\/08\/Norma-Pina.jpg?fit=768%2C479&ssl=1","jetpack-related-posts":[],"jetpack_sharing_enabled":true,"_links":{"self":[{"href":"https:\/\/politicosaldesnudo.com.mx\/index.php\/wp-json\/wp\/v2\/posts\/44009","targetHints":{"allow":["GET"]}}],"collection":[{"href":"https:\/\/politicosaldesnudo.com.mx\/index.php\/wp-json\/wp\/v2\/posts"}],"about":[{"href":"https:\/\/politicosaldesnudo.com.mx\/index.php\/wp-json\/wp\/v2\/types\/post"}],"author":[{"embeddable":true,"href":"https:\/\/politicosaldesnudo.com.mx\/index.php\/wp-json\/wp\/v2\/users\/4"}],"replies":[{"embeddable":true,"href":"https:\/\/politicosaldesnudo.com.mx\/index.php\/wp-json\/wp\/v2\/comments?post=44009"}],"version-history":[{"count":0,"href":"https:\/\/politicosaldesnudo.com.mx\/index.php\/wp-json\/wp\/v2\/posts\/44009\/revisions"}],"wp:featuredmedia":[{"embeddable":true,"href":"https:\/\/politicosaldesnudo.com.mx\/index.php\/wp-json\/wp\/v2\/media\/44010"}],"wp:attachment":[{"href":"https:\/\/politicosaldesnudo.com.mx\/index.php\/wp-json\/wp\/v2\/media?parent=44009"}],"wp:term":[{"taxonomy":"category","embeddable":true,"href":"https:\/\/politicosaldesnudo.com.mx\/index.php\/wp-json\/wp\/v2\/categories?post=44009"},{"taxonomy":"post_tag","embeddable":true,"href":"https:\/\/politicosaldesnudo.com.mx\/index.php\/wp-json\/wp\/v2\/tags?post=44009"}],"curies":[{"name":"wp","href":"https:\/\/api.w.org\/{rel}","templated":true}]}}