{"id":44013,"date":"2024-08-13T08:28:45","date_gmt":"2024-08-13T13:28:45","guid":{"rendered":"https:\/\/politicosaldesnudo.com.mx\/?p=44013"},"modified":"2024-08-13T08:28:45","modified_gmt":"2024-08-13T13:28:45","slug":"revelan-video-sobre-la-muerte-de-hector-melesio-cuen-presunto-vinculado-con-el-mayo-zambada","status":"publish","type":"post","link":"https:\/\/politicosaldesnudo.com.mx\/index.php\/2024\/08\/13\/revelan-video-sobre-la-muerte-de-hector-melesio-cuen-presunto-vinculado-con-el-mayo-zambada\/","title":{"rendered":"Revelan video sobre la muerte de H\u00e9ctor Melesio Cuen, presunto vinculado con El Mayo Zambada"},"content":{"rendered":"<div>\n<div id=\"content-body-225-12388315\">\n<p><span style=\"font-size: 14pt;\">La\u00a0Fiscal\u00eda General del Estado de Sinaloa\u00a0dio a conocer el\u00a0video tomado en la gasolinera en donde\u00a0se presume que fue\u00a0asesinado\u00a0H\u00e9ctor Melesio Cuen Ojeda, uno de los personajes\u00a0mencionados\u00a0en la\u00a0carta de El Mayo Zambada por su captura.<\/span><\/p>\n<p><span style=\"font-size: 14pt;\">En el\u00a0video\u00a0se aprecia como la Ford Raptor 2024 llega de sur a norte, el conductor abre la puerta y nuevamente la cierra.\u00a0Dos sujetos en motocicleta se acercan a la puerta\u00a0y presumiblemente\u00a0impactaron\u00a0a Cuen Ojeda\u00a0con cuatro disparos.<\/span><\/p>\n<\/div>\n<\/div>\n<div>\n<div id=\"dfp-nota-1x1s\" data-google-query-id=\"COKunoGJ8ocDFUKppgQd-zgwbw\">\n<div id=\"google_ads_iframe_\/2000002\/la-prensa\/mexico_nota_1x1_0__container__\"><span style=\"font-size: 14pt;\">Todo esto pas\u00f3 en menos de dos minutos. La fiscal general de Sinaloa, Sara Bruna Qui\u00f1\u00f3nez Estrada, afirm\u00f3 que la teor\u00eda del robo a veh\u00edculo se sosten\u00eda principalmente en el testimonio de Fausto Corrales Rodr\u00edguez.<\/span><\/div>\n<\/div>\n<\/div>\n<article>\n<div id=\"content-body-5851641-12388315\">\n<p><span style=\"font-size: 14pt;\">La fiscal a\u00f1adi\u00f3 que la Fiscal\u00eda General de la Rep\u00fablica, ya\u00a0pidi\u00f3 llevar a cabo la investigaci\u00f3n\u00a0sobre la muerte de H\u00e9ctor Melesio Cuen Ojeda, debido al\u00a0presunto v\u00ednculo con Ismael El Mayo Zambada Garcia.<\/span><\/p>\n<p><span style=\"font-size: 14pt;\">Este presunto v\u00ednculo qued\u00f3 retratado en una carta escrita por El Mayo, despu\u00e9s de su detenci\u00f3n en Estados Unidos en la cual tambi\u00e9n mencionaba que\u00a0cay\u00f3 en una trampa\u00a0hecha por los\u00a0hijos\u00a0de Joaqu\u00edn\u00a0El Chapo Guzm\u00e1n, ya que le plantearon una\u00a0reuni\u00f3n\u00a0con\u00a0Hector Melesio Cuen Ojeda,\u00a0Ivan Archivaldo\u00a0Guzman Salazar y el\u00a0gobernador de Sinaloa\u00a0Rub\u00e9n Rocha Moya.<\/span><\/p>\n<p><span style=\"font-size: 14pt;\">Sara Bruna revel\u00f3 que tras la carta de Ismael se cit\u00f3 a Corrales Rodr\u00edguez para ser entrevistado, pero ahora ser\u00e1 la FGR quien se encargue de la investigaci\u00f3n.<\/span><\/p>\n<\/div>\n<\/article>\n","protected":false},"excerpt":{"rendered":"<p>La\u00a0Fiscal\u00eda General del Estado de Sinaloa\u00a0dio a conocer el\u00a0video tomado en la gasolinera en donde\u00a0se presume que fue\u00a0asesinado\u00a0H\u00e9ctor Melesio Cuen<\/p>\n","protected":false},"author":4,"featured_media":44014,"comment_status":"closed","ping_status":"closed","sticky":false,"template":"","format":"standard","meta":{"colormag_page_container_layout":"default_layout","colormag_page_sidebar_layout":"default_layout","_jetpack_memberships_contains_paid_content":false,"footnotes":"","jetpack_publicize_message":"","jetpack_publicize_feature_enabled":true,"jetpack_social_post_already_shared":false,"jetpack_social_options":{"image_generator_settings":{"template":"highway","default_image_id":0,"font":"","enabled":false},"version":2}},"categories":[33],"tags":[],"class_list":["post-44013","post","type-post","status-publish","format-standard","has-post-thumbnail","hentry","category-nacional"],"jetpack_publicize_connections":[],"jetpack_featured_media_url":"https:\/\/i0.wp.com\/politicosaldesnudo.com.mx\/wp-content\/uploads\/2024\/08\/sara-bruna-fiscal.jpg?fit=768%2C479&ssl=1","jetpack-related-posts":[],"jetpack_sharing_enabled":true,"_links":{"self":[{"href":"https:\/\/politicosaldesnudo.com.mx\/index.php\/wp-json\/wp\/v2\/posts\/44013","targetHints":{"allow":["GET"]}}],"collection":[{"href":"https:\/\/politicosaldesnudo.com.mx\/index.php\/wp-json\/wp\/v2\/posts"}],"about":[{"href":"https:\/\/politicosaldesnudo.com.mx\/index.php\/wp-json\/wp\/v2\/types\/post"}],"author":[{"embeddable":true,"href":"https:\/\/politicosaldesnudo.com.mx\/index.php\/wp-json\/wp\/v2\/users\/4"}],"replies":[{"embeddable":true,"href":"https:\/\/politicosaldesnudo.com.mx\/index.php\/wp-json\/wp\/v2\/comments?post=44013"}],"version-history":[{"count":0,"href":"https:\/\/politicosaldesnudo.com.mx\/index.php\/wp-json\/wp\/v2\/posts\/44013\/revisions"}],"wp:featuredmedia":[{"embeddable":true,"href":"https:\/\/politicosaldesnudo.com.mx\/index.php\/wp-json\/wp\/v2\/media\/44014"}],"wp:attachment":[{"href":"https:\/\/politicosaldesnudo.com.mx\/index.php\/wp-json\/wp\/v2\/media?parent=44013"}],"wp:term":[{"taxonomy":"category","embeddable":true,"href":"https:\/\/politicosaldesnudo.com.mx\/index.php\/wp-json\/wp\/v2\/categories?post=44013"},{"taxonomy":"post_tag","embeddable":true,"href":"https:\/\/politicosaldesnudo.com.mx\/index.php\/wp-json\/wp\/v2\/tags?post=44013"}],"curies":[{"name":"wp","href":"https:\/\/api.w.org\/{rel}","templated":true}]}}