{"id":44048,"date":"2024-08-13T08:56:49","date_gmt":"2024-08-13T13:56:49","guid":{"rendered":"https:\/\/politicosaldesnudo.com.mx\/?p=44048"},"modified":"2024-08-13T08:56:49","modified_gmt":"2024-08-13T13:56:49","slug":"se-inauguro-la-jornada-nacional-de-salud-publica-2024-en-beneficio-de-las-familias-tuxpenas","status":"publish","type":"post","link":"https:\/\/politicosaldesnudo.com.mx\/index.php\/2024\/08\/13\/se-inauguro-la-jornada-nacional-de-salud-publica-2024-en-beneficio-de-las-familias-tuxpenas\/","title":{"rendered":"Se inaugur\u00f3 la Jornada Nacional de Salud P\u00fablica 2024, en beneficio de las familias tuxpe\u00f1as"},"content":{"rendered":"<p><span style=\"font-size: 14pt;\">El gobierno de Veracruz, la Secretar\u00eda de Salud, los Servicios de Salud de Veracruz (SESVER), el H. Ayuntamiento y el DIF Tuxpan inauguraron esta ma\u00f1ana la Jornada Nacional de Salud P\u00fablica 2024, que se realizar\u00e1 del 12 al 14 de agosto en la Unidad Deportiva, de 8:00 de la ma\u00f1ana a 4:00 de la tarde.<\/span><\/p>\n<p><span style=\"font-size: 14pt;\">Participan tambi\u00e9n instituciones federales como el IMSS, ISSSTE, SEDENA, SEMAR y PEMEX.<\/span><\/p>\n<p><span style=\"font-size: 14pt;\">La inauguraci\u00f3n estuvo encabezada por el presidente municipal, Lic. Jos\u00e9 Manuel Pozos Castro; la Dra. Guadalupe D\u00edaz del Castillo, secretaria de Salud y directora general de Servicios de Salud de Veracruz; la diputada Adriana Esther Mart\u00ednez S\u00e1nchez, presidenta de la Mesa Directiva del Congreso del Estado de Veracruz.<\/span><\/p>\n<p><span style=\"font-size: 14pt;\">La diputada Margarita Corro Mendoza, presidenta de la comisi\u00f3n de Salud y Asistencia en el Congreso del Estado de Veracruz; Dra. Jessica Kristal R\u00edos Mercadante, directora de Salud P\u00fablica; Lic. Jorge Sisniega Fern\u00e1ndez, director administrativo de SESVER; Mtra. Gabriela Colosia Hern\u00e1ndez, Coordinadora del Servicio Nacional de Salud P\u00fablica (SNSP).<\/span><\/p>\n<p><span style=\"font-size: 14pt;\">Asimismo, el Dr. Cuauht\u00e9moc P\u00e9rez Ju\u00e1rez, jefe de la Jurisdicci\u00f3n Sanitaria 2; Lic. Pamela Morales Huesca, presidenta del DIF Tuxpan; Dr. Gustavo S\u00e1nchez Tejeda, director del Centro Coordinador de Salud para el Bienestar; Dra. Romana Guti\u00e9rrez Polo, Coordinadora de Servicios de Salud IMSS-Bienestar en el estado de Veracruz.<\/span><\/p>\n<p><span style=\"font-size: 14pt;\">\u201cToda inversi\u00f3n y programa que se realiza en materia de salud p\u00fablica, brinda la oportunidad a las personas de tener una vida plena y saludable. En esta nueva realidad social que vivimos, las familias tienen acceso a servicios m\u00e9dicos de calidad, sin importar su origen econ\u00f3mico\u201d, expres\u00f3 el alcalde Jos\u00e9 Manuel Pozos Castro.<\/span><\/p>\n<p><span style=\"font-size: 14pt;\">Se\u00f1al\u00f3 que el personal, equipo y unidades m\u00e9dicas de la jornada est\u00e1n a la entera disposici\u00f3n de la ciudadan\u00eda tuxpe\u00f1a, completamente gratis, por lo que invit\u00f3 a la poblaci\u00f3n a aprovechar este gran beneficio.<\/span><\/p>\n<p><span style=\"font-size: 14pt;\">\u201cCada vez que acercamos los servicios de salud a los sectores m\u00e1s vulnerables, estamos siendo m\u00e1s justos y equitativos. Continuaremos haciendo equipo con el Sector Salud, para seguir construyendo una comunidad m\u00e1s fuerte y saludable\u201d.<\/span><\/p>\n<p><span style=\"font-size: 14pt;\">Por su parte la secretaria de Salud y directora general de Servicios de Salud de Veracruz, Dra. Guadalupe D\u00edaz del Castillo, agradeci\u00f3 al gobierno y al DIF Tuxpan por las acciones realizadas en el municipio en materia de salud.<\/span><\/p>\n<p><span style=\"font-size: 14pt;\">\u201cLa salud p\u00fablica es un pilar fundamental en el desarrollo de una sociedad prospera y equitativa, y esta jornada nacional representa un paso adelante en la consecuci\u00f3n de ese objetivo\u201d, mencion\u00f3.<\/span><\/p>\n<p><span style=\"font-size: 14pt;\">Exhort\u00f3 a todos a trabajar coordinadamente en beneficio de la poblaci\u00f3n: \u201cJuntos podemos construir un sistema de salud solido que beneficie a todas y todos los ciudadanos, sin dejar a nadie atr\u00e1s. Nuestro \u00e9xito depender\u00e1 de la capacidad para trabajar en conjunto, aprender unos de otros y actuar con determinaci\u00f3n. Trabajando de la mano lograremos un estado m\u00e1s saludable para todas y todos\u201d.<\/span><\/p>\n<p><span style=\"font-size: 14pt;\">En el evento estuvieron presentes las regidoras y los regidores Amado Guti\u00e9rrez Lima, Maryanela Monroy Flores, Anah\u00ed Aguilar L\u00f3pez, Juan G\u00f3mez Garc\u00eda, Lucero Res\u00e9ndis Ambrosio, Luis Demetrio L\u00f3pez Mar\u00edn, Axel Andr\u00e9s Bernal Herrera.<\/span><\/p>\n<p><span style=\"font-size: 14pt;\">Durante los tres d\u00edas de esta jornada se contar\u00e1 con servicio de an\u00e1lisis cl\u00ednicos, como biometr\u00eda hem\u00e1tica, qu\u00edmica sangu\u00ednea, de orina, pruebas de VIH y Covid, ant\u00edgeno prost\u00e1tico y pruebas de embarazo; estudios de gabinete: ultrasonido abdominal y de embarazo, densitometr\u00eda, electrocardiograma y mastograf\u00eda.<\/span><\/p>\n<p><span style=\"font-size: 14pt;\">Habr\u00e1 atenci\u00f3n m\u00e9dica dental, rehabilitaci\u00f3n y vacunaci\u00f3n. M\u00f3dulos de lactancia materna y salud perinatal, salud de infancia y adolescencia, prevenci\u00f3n del c\u00e1ncer de mama y c\u00e1ncer cervicouterino, prevenci\u00f3n de accidentes salud mental y adicciones.<\/span><\/p>\n<p><span style=\"font-size: 14pt;\">Se contar\u00e1 con un m\u00f3dulo de credencializaci\u00f3n de IMSS Bienestar, mesa de atenci\u00f3n del Programa Bienestar, m\u00f3dulo del Registro Civil, Instituto Veracruzano de la Mujer y entrega de apoyos funcionales.<\/span><\/p>\n","protected":false},"excerpt":{"rendered":"<p>El gobierno de Veracruz, la Secretar\u00eda de Salud, los Servicios de Salud de Veracruz (SESVER), el H. Ayuntamiento y el<\/p>\n","protected":false},"author":4,"featured_media":44049,"comment_status":"closed","ping_status":"closed","sticky":false,"template":"","format":"standard","meta":{"colormag_page_container_layout":"default_layout","colormag_page_sidebar_layout":"default_layout","_jetpack_memberships_contains_paid_content":false,"footnotes":"","jetpack_publicize_message":"","jetpack_publicize_feature_enabled":true,"jetpack_social_post_already_shared":false,"jetpack_social_options":{"image_generator_settings":{"template":"highway","default_image_id":0,"font":"","enabled":false},"version":2}},"categories":[3205,1082],"tags":[],"class_list":["post-44048","post","type-post","status-publish","format-standard","has-post-thumbnail","hentry","category-gobierno-tuxpan","category-tuxpan"],"jetpack_publicize_connections":[],"jetpack_featured_media_url":"https:\/\/i0.wp.com\/politicosaldesnudo.com.mx\/wp-content\/uploads\/2024\/08\/9dbe0153-56f8-49bc-b1b6-ef765e0053d5.jpg?fit=1280%2C851&ssl=1","jetpack-related-posts":[],"jetpack_sharing_enabled":true,"_links":{"self":[{"href":"https:\/\/politicosaldesnudo.com.mx\/index.php\/wp-json\/wp\/v2\/posts\/44048","targetHints":{"allow":["GET"]}}],"collection":[{"href":"https:\/\/politicosaldesnudo.com.mx\/index.php\/wp-json\/wp\/v2\/posts"}],"about":[{"href":"https:\/\/politicosaldesnudo.com.mx\/index.php\/wp-json\/wp\/v2\/types\/post"}],"author":[{"embeddable":true,"href":"https:\/\/politicosaldesnudo.com.mx\/index.php\/wp-json\/wp\/v2\/users\/4"}],"replies":[{"embeddable":true,"href":"https:\/\/politicosaldesnudo.com.mx\/index.php\/wp-json\/wp\/v2\/comments?post=44048"}],"version-history":[{"count":0,"href":"https:\/\/politicosaldesnudo.com.mx\/index.php\/wp-json\/wp\/v2\/posts\/44048\/revisions"}],"wp:featuredmedia":[{"embeddable":true,"href":"https:\/\/politicosaldesnudo.com.mx\/index.php\/wp-json\/wp\/v2\/media\/44049"}],"wp:attachment":[{"href":"https:\/\/politicosaldesnudo.com.mx\/index.php\/wp-json\/wp\/v2\/media?parent=44048"}],"wp:term":[{"taxonomy":"category","embeddable":true,"href":"https:\/\/politicosaldesnudo.com.mx\/index.php\/wp-json\/wp\/v2\/categories?post=44048"},{"taxonomy":"post_tag","embeddable":true,"href":"https:\/\/politicosaldesnudo.com.mx\/index.php\/wp-json\/wp\/v2\/tags?post=44048"}],"curies":[{"name":"wp","href":"https:\/\/api.w.org\/{rel}","templated":true}]}}