{"id":44084,"date":"2024-08-14T08:13:55","date_gmt":"2024-08-14T13:13:55","guid":{"rendered":"https:\/\/politicosaldesnudo.com.mx\/?p=44084"},"modified":"2024-08-14T08:13:55","modified_gmt":"2024-08-14T13:13:55","slug":"mario-delgado-dara-aire-fresco-a-la-sep-dice-marx-arriaga","status":"publish","type":"post","link":"https:\/\/politicosaldesnudo.com.mx\/index.php\/2024\/08\/14\/mario-delgado-dara-aire-fresco-a-la-sep-dice-marx-arriaga\/","title":{"rendered":"Mario Delgado dar\u00e1 aire fresco a la SEP, dice Marx Arriaga"},"content":{"rendered":"<div>\n<div id=\"content-body-225-12395436\">\n<p><span style=\"font-size: 14pt;\">\u201cCreo que la gesti\u00f3n del compa\u00f1ero\u00a0Mario Delgado\u00a0puede ser aire fresco para esta instituci\u00f3n, una instituci\u00f3n que se resiste a la transformaci\u00f3n, que sigue viviendo con las pr\u00e1cticas burocr\u00e1ticas de los sexenios anteriores\u201d, reconoce\u00a0Marx Arriaga, director general de Materiales Educativos de la\u00a0Secretar\u00eda de Educaci\u00f3n P\u00fablica\u00a0(SEP) y uno de los impulsores del actual modelo educativo que lleg\u00f3 acompa\u00f1ado de nuevos libros de texto.<\/span><\/p>\n<p><span style=\"font-size: 14pt;\">Se\u00f1ala que el reto de Mario Delgado, que a partir de octubre ser\u00e1 titular de la SEP, ser\u00e1 \u201cel ver c\u00f3mo la Nueva Escuela Mexicana transite hacia los estados\u201d.<\/span><\/p>\n<\/div>\n<\/div>\n<article>\n<div id=\"content-body-5851641-12395436\">\n<p><span style=\"font-size: 14pt;\">\u201cCreo que el tener a un funcionario p\u00fablico, como lo ha demostrado el compa\u00f1ero, que es capaz de hacer posible lo imposible, como fue el\u00a0plan C, creo que puede ser un aire fresco a esta instituci\u00f3n que parece imposible la refundaci\u00f3n\u201d, se\u00f1ala Arriaga, quien desconoce si permanecer\u00e1 al frente de su cargo en el pr\u00f3ximo gobierno de Claudia Sheinbaum.<\/span><\/p>\n<p><span style=\"font-size: 14pt;\">Ya pas\u00f3 un a\u00f1o desde la implementaci\u00f3n de los nuevos libros de texto \u00bfC\u00f3mo fue el balance general tras la implementaci\u00f3n de estos nuevos materiales?<\/span><\/p>\n<p><span style=\"font-size: 14pt;\">Bueno, el balance es positivo, en nuestras mejores expectativas, esper\u00e1bamos como todos escritores este como cualquier escritor, que estos libros tuvieran lectores. Sin duda es un lector cautivo porque son estudiantes de primaria, de secundaria, que utilizan estos maestros profesores, que utilizan estos materiales como su herramienta de trabajo o la manera para acercarse a la informaci\u00f3n, pero los libros de texto se convirtieron en un objeto cultural como un emblema, como un s\u00edmbolo de la transformaci\u00f3n que implicaba, la\u00a0Nueva Escuela Mexicana, el Humanismo Mexicano y\u00a0las pol\u00edticas p\u00fablicas de la 4T. As\u00ed que nosotros vemos que el saldo es positivo, de hecho a veces hasta jugamos entre todos diciendo que se convirtieron en los libros m\u00e1s le\u00eddos de los \u00faltimos dos a\u00f1os.<\/span><\/p>\n<\/div>\n<\/article>\n","protected":false},"excerpt":{"rendered":"<p>\u201cCreo que la gesti\u00f3n del compa\u00f1ero\u00a0Mario Delgado\u00a0puede ser aire fresco para esta instituci\u00f3n, una instituci\u00f3n que se resiste a la<\/p>\n","protected":false},"author":4,"featured_media":44085,"comment_status":"closed","ping_status":"closed","sticky":false,"template":"","format":"standard","meta":{"colormag_page_container_layout":"default_layout","colormag_page_sidebar_layout":"default_layout","_jetpack_memberships_contains_paid_content":false,"footnotes":"","jetpack_publicize_message":"","jetpack_publicize_feature_enabled":true,"jetpack_social_post_already_shared":false,"jetpack_social_options":{"image_generator_settings":{"template":"highway","default_image_id":0,"font":"","enabled":false},"version":2}},"categories":[33],"tags":[],"class_list":["post-44084","post","type-post","status-publish","format-standard","has-post-thumbnail","hentry","category-nacional"],"jetpack_publicize_connections":[],"jetpack_featured_media_url":"https:\/\/i0.wp.com\/politicosaldesnudo.com.mx\/wp-content\/uploads\/2024\/08\/marx-arriaga-sep1.png?fit=768%2C479&ssl=1","jetpack-related-posts":[],"jetpack_sharing_enabled":true,"_links":{"self":[{"href":"https:\/\/politicosaldesnudo.com.mx\/index.php\/wp-json\/wp\/v2\/posts\/44084","targetHints":{"allow":["GET"]}}],"collection":[{"href":"https:\/\/politicosaldesnudo.com.mx\/index.php\/wp-json\/wp\/v2\/posts"}],"about":[{"href":"https:\/\/politicosaldesnudo.com.mx\/index.php\/wp-json\/wp\/v2\/types\/post"}],"author":[{"embeddable":true,"href":"https:\/\/politicosaldesnudo.com.mx\/index.php\/wp-json\/wp\/v2\/users\/4"}],"replies":[{"embeddable":true,"href":"https:\/\/politicosaldesnudo.com.mx\/index.php\/wp-json\/wp\/v2\/comments?post=44084"}],"version-history":[{"count":0,"href":"https:\/\/politicosaldesnudo.com.mx\/index.php\/wp-json\/wp\/v2\/posts\/44084\/revisions"}],"wp:featuredmedia":[{"embeddable":true,"href":"https:\/\/politicosaldesnudo.com.mx\/index.php\/wp-json\/wp\/v2\/media\/44085"}],"wp:attachment":[{"href":"https:\/\/politicosaldesnudo.com.mx\/index.php\/wp-json\/wp\/v2\/media?parent=44084"}],"wp:term":[{"taxonomy":"category","embeddable":true,"href":"https:\/\/politicosaldesnudo.com.mx\/index.php\/wp-json\/wp\/v2\/categories?post=44084"},{"taxonomy":"post_tag","embeddable":true,"href":"https:\/\/politicosaldesnudo.com.mx\/index.php\/wp-json\/wp\/v2\/tags?post=44084"}],"curies":[{"name":"wp","href":"https:\/\/api.w.org\/{rel}","templated":true}]}}