{"id":44133,"date":"2024-08-14T09:39:35","date_gmt":"2024-08-14T14:39:35","guid":{"rendered":"https:\/\/politicosaldesnudo.com.mx\/?p=44133"},"modified":"2024-08-14T09:39:35","modified_gmt":"2024-08-14T14:39:35","slug":"alito-odia-a-priistas-esenciales","status":"publish","type":"post","link":"https:\/\/politicosaldesnudo.com.mx\/index.php\/2024\/08\/14\/alito-odia-a-priistas-esenciales\/","title":{"rendered":"Alito odia a pri\u00edstas esenciales"},"content":{"rendered":"<p><span style=\"font-size: 14pt;\"><strong>Por \u00c1ngel \u00c1lvaro Pe\u00f1a<\/strong><\/span><\/p>\n<p><span style=\"font-size: 14pt;\">El mareo que caracteriza a quienes nunca han tenido poder, puede hacerlos tambalear y derrumbarse para nunca volver a reconstruirse. Pueden sobrevivir como simples humanos pero sin ser la sombra de lo que alg\u00fan d\u00eda creyeron ser.<\/span><\/p>\n<p><span style=\"font-size: 14pt;\">Las actitudes del reelecto ilegalmente l\u00edder nacional del PRI, recuerdan a personajes de la historia como Ner\u00f3n o Cal\u00edgula, a quienes el poder enloqueci\u00f3.<\/span><\/p>\n<p><span style=\"font-size: 14pt;\">Con sus incondicionales puede hacer lo que le venga en gana pero con sus contrincantes les debe respeto, con quienes tiene una deuda permanente a sus antecesores, de ello aprendi\u00f3, al parecer lo malo, porque su imagen no puede reflejar m\u00e1s que enfermedad mental producto del poder mal habido.<\/span><\/p>\n<p><span style=\"font-size: 14pt;\">En esos desplantes de soberbia, que al parecer es su estado de \u00e1nimo permanente, expuls\u00f3 de la bancada no s\u00f3lo a uno de los activos m\u00e1s importantes del partido sino a la memoria misma del priismo.<\/span><\/p>\n<p><span style=\"font-size: 14pt;\">La simple referencia hacia Manlio Fabio Beltrones Rivera, a quien no le llega ni a los tobillos, no fue s\u00f3lo un exceso m\u00e1s de Alito sino el mayor de ellos.<\/span><\/p>\n<p><span style=\"font-size: 14pt;\">Una de las pocas figuras respetables que le quedan al priismo debi\u00f3 alejarla para que no le hiciera sombra, como hac\u00edan los reyes en la antig\u00fcedad, quienes enviaban a la horca a quienes pod\u00edan arrebatarle el poder.<\/span><\/p>\n<p><span style=\"font-size: 14pt;\">Tratar de prescindir de los verdaderos pol\u00edticos en lugar de incorporarlos para darle solidez a su dictadura partidista, causa mucho miedo.<\/span><\/p>\n<p><span style=\"font-size: 14pt;\">Por su parte, el ex gobernador de Sonora, y ex secretario de Gobernaci\u00f3n se\u00f1al\u00f3 que no se ir\u00e1 de la bancada del PRI en el Senado, pues asever\u00f3 que \u00e9l es legislador electo y est\u00e1 en su derecho de permanecer, luego de que se diera conocer que qued\u00f3 fuera del grupo parlamentario para la pr\u00f3xima legislatura por mandato divino.<\/span><\/p>\n<p><span style=\"font-size: 14pt;\">\u201cYo no me voy de la bancada del PRI, soy senador de la Rep\u00fablica electo. Tomar\u00e9 posesi\u00f3n y har\u00e9 valer mis derechos. Obviamente nadie est\u00e1 obligado a quedarse a donde no quieren que uno est\u00e9 y lamentar\u00e9 mucho que mis compa\u00f1eros del PRI no les guste que existan cr\u00edticas alrededor de lo que creo que se est\u00e1 haciendo muy mal\u201d, dijo Manlio Fabio.<\/span><\/p>\n<p><span style=\"font-size: 14pt;\">La lealtad de Manlio Fabio a su partido en el que milita desde hace 56 a\u00f1os, art\u00edfice de muchos de los logros partidistas, le impide salir. Podr\u00eda ser un contrapeso esencial dentro de su organismo y quien pudiera salvarlo del naufragio. Aunque hay partidos que tienen puentes para que llegue a ellos con cargos y condiciones propias de un pol\u00edtico clave en la historia del pa\u00eds.<\/span><\/p>\n<p><span style=\"font-size: 14pt;\">La c\u00fapula del PRI es una caricatura dedicada al culto a la personalidad, hay quienes dicen que los usa Alito, y otros que Alito es usado para exterminar al partido que tuvo el poder por casi un siglo. Lo cierto es que Alejandro Moreno tiene varias cuentas pendientes con la justicia que seguramente ser\u00e1n cobradas tarde o temprano.<\/span><\/p>\n<p><span style=\"font-size: 14pt;\">Cualquier partido pol\u00edtico se beneficiar\u00eda con la experiencia de Beltrones Rivera, quien le dar\u00e1 larga vida en el poder al partido cuya invitaci\u00f3n acepte.<\/span><\/p>\n<p><span style=\"font-size: 14pt;\">Record\u00f3 Beltrones que no se puede hacer cambios a los estatus del PRI durante un proceso electoral, como se hizo el pasado 7 de julio en la Asamblea Nacional para permitir que Alejandro Moreno permanezca como presidente del PRI hasta 2032, lo cual invalida esa egoc\u00e9ntrica reelecci\u00f3n.<\/span><\/p>\n<p><span style=\"font-size: 14pt;\">La periodista Martha Anaya sintetiz\u00f3 el momento pol\u00edtico actual que tiene que ver con este tema al afirmar que\u00a0\u201cManlio Fabio Beltrones no es un hueso f\u00e1cil de roer, si Alejandro\u00a0<em>Alito<\/em>\u00a0Moreno pensaba que excluy\u00e9ndolo de la bancada del PRI, el sonorense se iba a retirar, se equivoc\u00f3\u201d.<\/span><\/p>\n<p><span style=\"font-size: 14pt;\">La pol\u00edtica es para pol\u00edticos aunque la hayan tomado por asalto algunos delincuentes que no tardar\u00e1n en ser juzgados por alguien m\u00e1s que el pueblo y por algo m\u00e1s que la historia.<\/span><\/p>\n<p><span style=\"font-size: 14pt;\">Manlio tiene un compromiso por quienes votaron por \u00e9l, porque rechaz\u00f3 su posici\u00f3n plurinominal y se dedic\u00f3 a hacer campa\u00f1a y no como Alito que fue el primer pluri de la bancada en el senado. Los sonorenses han recibido un agravio tambi\u00e9n porque votaron directamente por Beltrones.<\/span><\/p>\n<p><span style=\"font-size: 14pt;\">PEGA Y CORRE.-\u00a0El presidente Andr\u00e9s Manuel L\u00f3pez Obrador anunci\u00f3 que, antes de concluir su mandato, enviar\u00e1 una nota diplom\u00e1tica a Estados Unidos para abordar el financiamiento que realiza a Claudio X. Gonz\u00e1lez, uno de los principales cr\u00edticos de su gobierno&#8230;Esta columna se publica los lunes, mi\u00e9rcoles y viernes.<\/span><\/p>\n","protected":false},"excerpt":{"rendered":"<p>Por \u00c1ngel \u00c1lvaro Pe\u00f1a El mareo que caracteriza a quienes nunca han tenido poder, puede hacerlos tambalear y derrumbarse para<\/p>\n","protected":false},"author":4,"featured_media":37774,"comment_status":"closed","ping_status":"closed","sticky":false,"template":"","format":"standard","meta":{"colormag_page_container_layout":"default_layout","colormag_page_sidebar_layout":"default_layout","_jetpack_memberships_contains_paid_content":false,"footnotes":"","jetpack_publicize_message":"","jetpack_publicize_feature_enabled":true,"jetpack_social_post_already_shared":false,"jetpack_social_options":{"image_generator_settings":{"template":"highway","default_image_id":0,"font":"","enabled":false},"version":2}},"categories":[26],"tags":[],"class_list":["post-44133","post","type-post","status-publish","format-standard","has-post-thumbnail","hentry","category-columnistas"],"jetpack_publicize_connections":[],"jetpack_featured_media_url":"https:\/\/i0.wp.com\/politicosaldesnudo.com.mx\/wp-content\/uploads\/2024\/05\/LOPEZ-DORIGA-LOGO-2.jpeg?fit=800%2C445&ssl=1","jetpack-related-posts":[],"jetpack_sharing_enabled":true,"_links":{"self":[{"href":"https:\/\/politicosaldesnudo.com.mx\/index.php\/wp-json\/wp\/v2\/posts\/44133","targetHints":{"allow":["GET"]}}],"collection":[{"href":"https:\/\/politicosaldesnudo.com.mx\/index.php\/wp-json\/wp\/v2\/posts"}],"about":[{"href":"https:\/\/politicosaldesnudo.com.mx\/index.php\/wp-json\/wp\/v2\/types\/post"}],"author":[{"embeddable":true,"href":"https:\/\/politicosaldesnudo.com.mx\/index.php\/wp-json\/wp\/v2\/users\/4"}],"replies":[{"embeddable":true,"href":"https:\/\/politicosaldesnudo.com.mx\/index.php\/wp-json\/wp\/v2\/comments?post=44133"}],"version-history":[{"count":0,"href":"https:\/\/politicosaldesnudo.com.mx\/index.php\/wp-json\/wp\/v2\/posts\/44133\/revisions"}],"wp:featuredmedia":[{"embeddable":true,"href":"https:\/\/politicosaldesnudo.com.mx\/index.php\/wp-json\/wp\/v2\/media\/37774"}],"wp:attachment":[{"href":"https:\/\/politicosaldesnudo.com.mx\/index.php\/wp-json\/wp\/v2\/media?parent=44133"}],"wp:term":[{"taxonomy":"category","embeddable":true,"href":"https:\/\/politicosaldesnudo.com.mx\/index.php\/wp-json\/wp\/v2\/categories?post=44133"},{"taxonomy":"post_tag","embeddable":true,"href":"https:\/\/politicosaldesnudo.com.mx\/index.php\/wp-json\/wp\/v2\/tags?post=44133"}],"curies":[{"name":"wp","href":"https:\/\/api.w.org\/{rel}","templated":true}]}}