{"id":44135,"date":"2024-08-14T11:46:19","date_gmt":"2024-08-14T16:46:19","guid":{"rendered":"https:\/\/politicosaldesnudo.com.mx\/?p=44135"},"modified":"2024-08-14T11:46:19","modified_gmt":"2024-08-14T16:46:19","slug":"de-la-merde","status":"publish","type":"post","link":"https:\/\/politicosaldesnudo.com.mx\/index.php\/2024\/08\/14\/de-la-merde\/","title":{"rendered":"\u00a1DE LA MERDE!"},"content":{"rendered":"<p><span style=\"font-size: 14pt;\">A mediados de los a\u00f1os sesenta y dentro de las aulas de la Facultad de Derecho, nuestro recordado Guillermo Floris Margadant, nos ilustraba en el sentido de que el axioma conocido como \u201c<strong>iura novit curia\u201d,<\/strong> no era solamente una regla del Derecho Procesal, significaba, que el impartidor de justicia deb\u00eda de hallar de oficio la norma correspondiente al hecho, sin esperar a que los justipreciables se lo indicaran, resaltaba que ello era tambi\u00e9n una regla de correcci\u00f3n forense, lo cual indicaba y ordenaba a la autoridad poner inter\u00e9s jur\u00eddico por la causa que analizaba.<\/span><\/p>\n<p><span style=\"font-size: 14pt;\">Me viene a la memoria aqu\u00e9l ilustre catedr\u00e1tico, porque tambi\u00e9n dec\u00eda que el derecho de petici\u00f3n contenido en la Constituci\u00f3n Pol\u00edtica de los Estados Unidos Mexicanos, derivaba del lat\u00edn y que etimol\u00f3gicamente significaba la \u201cacci\u00f3n de pedir\u201d (petitio-onis); y quienes se acog\u00edan como gobernados al contenido del art\u00edculo 8\u00ba del Pacto Federal ejerc\u00edan precisamente una acci\u00f3n de pedir.<\/span><\/p>\n<p><span style=\"font-size: 14pt;\">Don Ignacio Burgoa, otro egregio catedr\u00e1tico de aquellos recordados recintos de instrucci\u00f3n, en relaci\u00f3n a lo antepuesto dijo: \u201cel derecho de petici\u00f3n se traduce en la facultad de los gobernados para solicitar a cualquier autoridad, por escrito, de manera pac\u00edfica y respetuosa, que realice un acto propio de su esfera de atribuciones y que supone la obligaci\u00f3n de la autoridad de acatar lo pedido\u201d.<\/span><\/p>\n<p><span style=\"font-size: 14pt;\">Si nos remontamos a un pasado reciente, se tendr\u00e1 que precisar que quien esto escribe y por escrito, acogi\u00e9ndose a ese derecho de petici\u00f3n, le solicit\u00f3 a la Procuradur\u00eda General de la Rep\u00fablica en funciones, que no se uniera a la \u201cmerde\u201d y, que por derecho propio investigara el fen\u00f3meno de la narco-pol\u00edtica en raz\u00f3n a que en anteriores administraciones hab\u00edan sido omisos de ello.<\/span><\/p>\n<p><span style=\"font-size: 14pt;\">Vaya resumida historia:<\/span><\/p>\n<p><span style=\"font-size: 14pt;\">Por escrito se dijo, al ocuparnos del t\u00e9rmino de la merde: \u201cCon \u00e9l se debe y tiene que calificar la actuaci\u00f3n de aquellos que se dec\u00edan ser abogados de la Naci\u00f3n, se tiene que decir que dicho calificativo ha de servir de soporte a las valoraciones de ilegalidad, dada la voluntaria omisi\u00f3n al cumplimiento del deber de aquellos ministriles de justicia que con su no hacer le brindaban impunidad al narco-pol\u00edtico acusado en ciertas actas\u201d.<\/span><\/p>\n<p><span style=\"font-size: 14pt;\">\u201cMerde\u201d la palabra quiz\u00e1 m\u00e1s sublime expresada por un centuri\u00f3n de guerra, que fue la respuesta que dio cuando sus enemigos le pidieron se rindiera.<\/span><\/p>\n<p><span style=\"font-size: 14pt;\">\u201cMerde\u201d la palabra utilizada por quien esto relata para calificar el desorden que propiciaron esos seudo procuradores, al no combatir con tama\u00f1os de var\u00f3n el c\u00e1ncer de la naco-pol\u00edtica que sigue denigrando a nuestro M\u00e9xico. Ello lo expres\u00f3 por escrito y dando cabal cumplimiento a lo ordenado por nuestro Pacto Federal, fue asentado con el objeto de destruir la actuaci\u00f3n de esos seudo procuradores que tanto mal acarrearon a nuestra justicia.<\/span><\/p>\n<p><span style=\"font-size: 14pt;\">\u00bfHasta cuando la actual Fiscal\u00eda General de la Rep\u00fablica se limpiar\u00e1 de aquella palabra pronunciada por Cambronne cuando sus enemigos pidieron que se rindiera?.<\/span><\/p>\n<p>&nbsp;<\/p>\n<p>&nbsp;<\/p>\n<p><span style=\"font-size: 14pt;\">Es cu\u00e1nto.<\/span><\/p>\n<p>&nbsp;<\/p>\n<p>&nbsp;<\/p>\n<p><span style=\"font-size: 14pt;\">Lic. Alberto Woolrich Ort\u00edz.<\/span><\/p>\n","protected":false},"excerpt":{"rendered":"<p>A mediados de los a\u00f1os sesenta y dentro de las aulas de la Facultad de Derecho, nuestro recordado Guillermo Floris<\/p>\n","protected":false},"author":4,"featured_media":3845,"comment_status":"closed","ping_status":"closed","sticky":false,"template":"","format":"standard","meta":{"colormag_page_container_layout":"default_layout","colormag_page_sidebar_layout":"default_layout","_jetpack_memberships_contains_paid_content":false,"footnotes":"","jetpack_publicize_message":"","jetpack_publicize_feature_enabled":true,"jetpack_social_post_already_shared":false,"jetpack_social_options":{"image_generator_settings":{"template":"highway","default_image_id":0,"font":"","enabled":false},"version":2}},"categories":[26],"tags":[],"class_list":["post-44135","post","type-post","status-publish","format-standard","has-post-thumbnail","hentry","category-columnistas"],"jetpack_publicize_connections":[],"jetpack_featured_media_url":"https:\/\/i0.wp.com\/politicosaldesnudo.com.mx\/wp-content\/uploads\/2022\/04\/CABEZAL-ALBERTO-WOOD.png?fit=1816%2C1016&ssl=1","jetpack-related-posts":[],"jetpack_sharing_enabled":true,"_links":{"self":[{"href":"https:\/\/politicosaldesnudo.com.mx\/index.php\/wp-json\/wp\/v2\/posts\/44135","targetHints":{"allow":["GET"]}}],"collection":[{"href":"https:\/\/politicosaldesnudo.com.mx\/index.php\/wp-json\/wp\/v2\/posts"}],"about":[{"href":"https:\/\/politicosaldesnudo.com.mx\/index.php\/wp-json\/wp\/v2\/types\/post"}],"author":[{"embeddable":true,"href":"https:\/\/politicosaldesnudo.com.mx\/index.php\/wp-json\/wp\/v2\/users\/4"}],"replies":[{"embeddable":true,"href":"https:\/\/politicosaldesnudo.com.mx\/index.php\/wp-json\/wp\/v2\/comments?post=44135"}],"version-history":[{"count":0,"href":"https:\/\/politicosaldesnudo.com.mx\/index.php\/wp-json\/wp\/v2\/posts\/44135\/revisions"}],"wp:featuredmedia":[{"embeddable":true,"href":"https:\/\/politicosaldesnudo.com.mx\/index.php\/wp-json\/wp\/v2\/media\/3845"}],"wp:attachment":[{"href":"https:\/\/politicosaldesnudo.com.mx\/index.php\/wp-json\/wp\/v2\/media?parent=44135"}],"wp:term":[{"taxonomy":"category","embeddable":true,"href":"https:\/\/politicosaldesnudo.com.mx\/index.php\/wp-json\/wp\/v2\/categories?post=44135"},{"taxonomy":"post_tag","embeddable":true,"href":"https:\/\/politicosaldesnudo.com.mx\/index.php\/wp-json\/wp\/v2\/tags?post=44135"}],"curies":[{"name":"wp","href":"https:\/\/api.w.org\/{rel}","templated":true}]}}