{"id":44139,"date":"2024-08-15T07:54:24","date_gmt":"2024-08-15T12:54:24","guid":{"rendered":"https:\/\/politicosaldesnudo.com.mx\/?p=44139"},"modified":"2024-08-15T07:54:24","modified_gmt":"2024-08-15T12:54:24","slug":"corea-del-norte-reabrira-sus-puertas-en-diciembre-al-turismo-extranjero","status":"publish","type":"post","link":"https:\/\/politicosaldesnudo.com.mx\/index.php\/2024\/08\/15\/corea-del-norte-reabrira-sus-puertas-en-diciembre-al-turismo-extranjero\/","title":{"rendered":"Corea del Norte reabrir\u00e1 sus puertas en diciembre al turismo extranjero"},"content":{"rendered":"<p><span style=\"font-size: 14pt;\">Corea del Norte\u00a0reabrir\u00e1 sus puertas al turismo extranjero\u00a0en diciembre, tras\u00a0cerrar el acceso a su territorio casi cinco a\u00f1os\u00a0debido al\u00a0Covid-19, anunciaron el mi\u00e9rcoles dos operadores tur\u00edsticos especializados.<\/span><\/p>\n<p><span style=\"font-size: 14pt;\">\u00abRecibimos la confirmaci\u00f3n de nuestro socio local de que el\u00a0turismo a Samjiyon\u00a0y potencialmente al resto del pa\u00eds se\u00a0reanudar\u00e1 oficialmente en diciembre de 2024\u00bb, indic\u00f3 Koryo Tours, con sede en Pek\u00edn, en su p\u00e1gina web.<\/span><\/p>\n<p><span style=\"font-size: 14pt;\">La ciudad de\u00a0Samjiyon, cerca de la frontera norte entre Corea del Norte y China, es una puerta de acceso para\u00a0visitar el monte Paektu\u00a0donde, seg\u00fan la historia oficial,\u00a0naci\u00f3\u00a0el difunto l\u00edder norcoreano\u00a0Kim Jong Il.<\/span><\/p>\n<p><span style=\"font-size: 14pt;\">Su hijo y sucesor,\u00a0Kim Jong Un, ha invertido cuantiosas sumas de dinero en el\u00a0desarrollo de la regi\u00f3n, incluyendo nuevos apartamentos, hoteles y una estaci\u00f3n de esqu\u00ed.<\/span><\/p>\n<p><span style=\"font-size: 14pt;\">KTG Tours, tambi\u00e9n basada en China, public\u00f3 en Facebook que recibi\u00f3 informaciones de que los\u00a0turistas\u00a0podr\u00e1n\u00a0visitar Samjiyon \u00abeste invierno\u00bb.<\/span><\/p>\n<p><span style=\"font-size: 14pt;\">\u00abLas fechas exactas est\u00e1n por confirmar. Hasta ahora solo Samjiyon ha sido confirmada oficialmente, pero\u00a0esperamos que Pyongyang y otros lugares abran tambi\u00e9n\u00bb agreg\u00f3 la empresa.<\/span><\/p>\n<p><span style=\"font-size: 14pt;\">\u00bfPor qu\u00e9 cerr\u00f3 sus fronteras Corea del Norte?<\/span><\/p>\n<p><span style=\"font-size: 14pt;\">Corea del Norte, un herm\u00e9tico pa\u00eds de gobierno comunista,\u00a0cerr\u00f3 sus fronteras a inicios de 2020 por la pandemia del Covid-19\u00a0e incluso\u00a0impidi\u00f3 que sus nacionales reingresaran\u00a0a su territorio durante esos a\u00f1os de cierre.<\/span><\/p>\n<p><span style=\"font-size: 14pt;\">Antes de la\u00a0pandemia, el turismo internacional en el pa\u00eds era limitado, con unos\u00a05 mil occidentales\u00a0que\u00a0visitaban cada a\u00f1o Corea del Norte.<\/span><\/p>\n<p><span style=\"font-size: 14pt;\">Solo los\u00a0estadounidenses\u00a0constitu\u00edan cerca de\u00a020 por ciento de ese mercado\u00a0antes de que\u00a0Washington\u00a0prohibiera visitar a Corea del Norte\u00a0tras el\u00a0encarcelamiento\u00a0del\u00a0estudiante\u00a0Otto\u00a0Warmbier,\u00a0fallecido\u00a0tras su\u00a0repatriaci\u00f3n\u00a0a Estados Unidos.<\/span><\/p>\n","protected":false},"excerpt":{"rendered":"<p>Corea del Norte\u00a0reabrir\u00e1 sus puertas al turismo extranjero\u00a0en diciembre, tras\u00a0cerrar el acceso a su territorio casi cinco a\u00f1os\u00a0debido al\u00a0Covid-19, anunciaron<\/p>\n","protected":false},"author":4,"featured_media":44140,"comment_status":"closed","ping_status":"closed","sticky":false,"template":"","format":"standard","meta":{"colormag_page_container_layout":"default_layout","colormag_page_sidebar_layout":"default_layout","_jetpack_memberships_contains_paid_content":false,"footnotes":"","jetpack_publicize_message":"","jetpack_publicize_feature_enabled":true,"jetpack_social_post_already_shared":false,"jetpack_social_options":{"image_generator_settings":{"template":"highway","default_image_id":0,"font":"","enabled":false},"version":2}},"categories":[28],"tags":[],"class_list":["post-44139","post","type-post","status-publish","format-standard","has-post-thumbnail","hentry","category-internacional"],"jetpack_publicize_connections":[],"jetpack_featured_media_url":"https:\/\/i0.wp.com\/politicosaldesnudo.com.mx\/wp-content\/uploads\/2024\/08\/Corea-del-Norte.jpg?fit=768%2C479&ssl=1","jetpack-related-posts":[],"jetpack_sharing_enabled":true,"_links":{"self":[{"href":"https:\/\/politicosaldesnudo.com.mx\/index.php\/wp-json\/wp\/v2\/posts\/44139","targetHints":{"allow":["GET"]}}],"collection":[{"href":"https:\/\/politicosaldesnudo.com.mx\/index.php\/wp-json\/wp\/v2\/posts"}],"about":[{"href":"https:\/\/politicosaldesnudo.com.mx\/index.php\/wp-json\/wp\/v2\/types\/post"}],"author":[{"embeddable":true,"href":"https:\/\/politicosaldesnudo.com.mx\/index.php\/wp-json\/wp\/v2\/users\/4"}],"replies":[{"embeddable":true,"href":"https:\/\/politicosaldesnudo.com.mx\/index.php\/wp-json\/wp\/v2\/comments?post=44139"}],"version-history":[{"count":0,"href":"https:\/\/politicosaldesnudo.com.mx\/index.php\/wp-json\/wp\/v2\/posts\/44139\/revisions"}],"wp:featuredmedia":[{"embeddable":true,"href":"https:\/\/politicosaldesnudo.com.mx\/index.php\/wp-json\/wp\/v2\/media\/44140"}],"wp:attachment":[{"href":"https:\/\/politicosaldesnudo.com.mx\/index.php\/wp-json\/wp\/v2\/media?parent=44139"}],"wp:term":[{"taxonomy":"category","embeddable":true,"href":"https:\/\/politicosaldesnudo.com.mx\/index.php\/wp-json\/wp\/v2\/categories?post=44139"},{"taxonomy":"post_tag","embeddable":true,"href":"https:\/\/politicosaldesnudo.com.mx\/index.php\/wp-json\/wp\/v2\/tags?post=44139"}],"curies":[{"name":"wp","href":"https:\/\/api.w.org\/{rel}","templated":true}]}}