{"id":44165,"date":"2024-08-15T08:20:49","date_gmt":"2024-08-15T13:20:49","guid":{"rendered":"https:\/\/politicosaldesnudo.com.mx\/?p=44165"},"modified":"2024-08-15T08:20:49","modified_gmt":"2024-08-15T13:20:49","slug":"preocupa-al-bce-optimismo-de-bancos","status":"publish","type":"post","link":"https:\/\/politicosaldesnudo.com.mx\/index.php\/2024\/08\/15\/preocupa-al-bce-optimismo-de-bancos\/","title":{"rendered":"Preocupa al BCE optimismo de bancos"},"content":{"rendered":"<div class=\"jsx-3315747106 resumeNew\">\n<p><span style=\"font-size: 14pt;\">Algunos de los principales bancos de la zona euro podr\u00edan estar inflando el valor de los inmuebles comerciales, enmascarando potencialmente un deterioro de los pr\u00e9stamos a un sector que lucha contra una fuerte recesi\u00f3n, seg\u00fan descubri\u00f3 una inspecci\u00f3n del Banco Central Europeo (BCE).<\/span><\/p>\n<\/div>\n<div class=\"jsx-1764542821 newsbody\">\n<div class=\"jsx-670345696 share fixed\">\n<div class=\"jsx-670345696 \"><span style=\"font-size: 14pt;\">Algunos de los principales bancos de la zona euro podr\u00edan estar inflando el valor de los inmuebles comerciales, enmascarando potencialmente un deterioro de los pr\u00e9stamos a un sector que lucha contra una fuerte recesi\u00f3n, seg\u00fan descubri\u00f3 una inspecci\u00f3n del Banco Central Europeo (BCE).<\/span><\/div>\n<\/div>\n<div class=\"jsx-1764542821\">\n<div id=\"readNote\" class=\"jsx-1764542821\">\n<div class=\"jsx-537108098\">\n<p class=\"jsx-3954459878\"><span style=\"font-size: 14pt;\">Los precios de los inmuebles comerciales han ca\u00eddo bruscamente debido al aumento de los costos de los pr\u00e9stamos y a la escasa demanda, a medida que las empresas se adaptan a la realidad pospand\u00e9mica. El BCE estima que los precios pudieron haber bajado cerca de una d\u00e9cima s\u00f3lo el a\u00f1o pasado.<\/span><\/p>\n<div>\n<div id=\"script-container2\" class=\"jsx-3433666381 rs_skip\">\n<div id=\"daily-player-news\" class=\"dailymotion-player-root dailymotion-player-x9ws1\">\n<div class=\"dailymotion-player-wrapper\"><span style=\"font-size: 14pt;\">\u201cLos equipos de inspecci\u00f3n encontraron una serie de problemas en la forma en que los bancos encargan o llevan a cabo las valoraciones\u201d, se\u00f1al\u00f3 el BCE en un Bolet\u00edn de Supervisi\u00f3n publicado ayer 14 de agosto. \u201cCon unas tasas de inter\u00e9s m\u00e1s elevadas y una menor demanda que pesan sobre segmentos clave, es m\u00e1s probable que los prestatarios se enfrenten a problemas de servicio de la deuda\u201d.<\/span><\/div>\n<\/div>\n<\/div>\n<\/div>\n<p class=\"jsx-3954459878\"><span style=\"font-size: 14pt;\">Alert\u00f3 que algunos bancos est\u00e1n utilizando definiciones inapropiadas del valor de mercado y en otros casos algunas de las garant\u00edas que respaldan los pr\u00e9stamos pueden valer menos de lo supuesto.<\/span><\/p>\n<\/div>\n<\/div>\n<\/div>\n<\/div>\n","protected":false},"excerpt":{"rendered":"<p>Algunos de los principales bancos de la zona euro podr\u00edan estar inflando el valor de los inmuebles comerciales, enmascarando potencialmente<\/p>\n","protected":false},"author":4,"featured_media":44166,"comment_status":"closed","ping_status":"closed","sticky":false,"template":"","format":"standard","meta":{"colormag_page_container_layout":"default_layout","colormag_page_sidebar_layout":"default_layout","_jetpack_memberships_contains_paid_content":false,"footnotes":"","jetpack_publicize_message":"","jetpack_publicize_feature_enabled":true,"jetpack_social_post_already_shared":false,"jetpack_social_options":{"image_generator_settings":{"template":"highway","default_image_id":0,"font":"","enabled":false},"version":2}},"categories":[2050],"tags":[],"class_list":["post-44165","post","type-post","status-publish","format-standard","has-post-thumbnail","hentry","category-economia"],"jetpack_publicize_connections":[],"jetpack_featured_media_url":"https:\/\/i0.wp.com\/politicosaldesnudo.com.mx\/wp-content\/uploads\/2024\/08\/zona_euro.jpg_1015297232.jpg?fit=1200%2C800&ssl=1","jetpack-related-posts":[],"jetpack_sharing_enabled":true,"_links":{"self":[{"href":"https:\/\/politicosaldesnudo.com.mx\/index.php\/wp-json\/wp\/v2\/posts\/44165","targetHints":{"allow":["GET"]}}],"collection":[{"href":"https:\/\/politicosaldesnudo.com.mx\/index.php\/wp-json\/wp\/v2\/posts"}],"about":[{"href":"https:\/\/politicosaldesnudo.com.mx\/index.php\/wp-json\/wp\/v2\/types\/post"}],"author":[{"embeddable":true,"href":"https:\/\/politicosaldesnudo.com.mx\/index.php\/wp-json\/wp\/v2\/users\/4"}],"replies":[{"embeddable":true,"href":"https:\/\/politicosaldesnudo.com.mx\/index.php\/wp-json\/wp\/v2\/comments?post=44165"}],"version-history":[{"count":0,"href":"https:\/\/politicosaldesnudo.com.mx\/index.php\/wp-json\/wp\/v2\/posts\/44165\/revisions"}],"wp:featuredmedia":[{"embeddable":true,"href":"https:\/\/politicosaldesnudo.com.mx\/index.php\/wp-json\/wp\/v2\/media\/44166"}],"wp:attachment":[{"href":"https:\/\/politicosaldesnudo.com.mx\/index.php\/wp-json\/wp\/v2\/media?parent=44165"}],"wp:term":[{"taxonomy":"category","embeddable":true,"href":"https:\/\/politicosaldesnudo.com.mx\/index.php\/wp-json\/wp\/v2\/categories?post=44165"},{"taxonomy":"post_tag","embeddable":true,"href":"https:\/\/politicosaldesnudo.com.mx\/index.php\/wp-json\/wp\/v2\/tags?post=44165"}],"curies":[{"name":"wp","href":"https:\/\/api.w.org\/{rel}","templated":true}]}}