{"id":44195,"date":"2024-08-15T09:15:44","date_gmt":"2024-08-15T14:15:44","guid":{"rendered":"https:\/\/politicosaldesnudo.com.mx\/?p=44195"},"modified":"2024-08-15T09:15:44","modified_gmt":"2024-08-15T14:15:44","slug":"remodelacion-de-bulevares-en-tuxpan-concluira-en-septiembre","status":"publish","type":"post","link":"https:\/\/politicosaldesnudo.com.mx\/index.php\/2024\/08\/15\/remodelacion-de-bulevares-en-tuxpan-concluira-en-septiembre\/","title":{"rendered":"Remodelaci\u00f3n de bulevares en Tuxpan concluir\u00e1 en septiembre"},"content":{"rendered":"<p><span style=\"font-size: 14pt;\">La remodelaci\u00f3n de los bulevares Manuel Maples Arce e Independencia de Tuxpan, que corresponden a una inversi\u00f3n estatal, actualmente lleva un avance del 70 por ciento, as\u00ed lo se\u00f1al\u00f3 Jos\u00e9 Manuel Pozos Castro, Presidente Municipal de Tuxpan.<\/span><\/p>\n<p><span style=\"font-size: 14pt;\">Se\u00f1al\u00f3 que ser\u00e1 tentativamente en la primera semana del mes de septiembre cuando se inaugure dicha obra, la cual fue anunciada durante el mes de enero como una inversi\u00f3n del Gobierno del Estado cercana a los 100 millones de pesos. Sin embargo, las autoridades estatales no precisaron una fecha de entrega al inicio de la rehabilitaci\u00f3n.\u00a0<\/span><\/p>\n<p><span style=\"font-size: 14pt;\">Cabe se\u00f1alar que, en los \u00faltimos a\u00f1os, son las remodelaciones que ha tenido el bulevar por parte de las diferentes administraciones municipales las obras que m\u00e1s han sido cuestionadas por parte de la ciudadan\u00eda, al considerar que deben atenderse otras obras con m\u00e1s prioridad.<\/span><\/p>\n<p><span style=\"font-size: 14pt;\">Finalmente Pozos Castro indic\u00f3 que as\u00ed mismo continuar\u00e1n los trabajos de rehabilitaci\u00f3n de las banquetas en la zona centro de la ciudad, debido a que la mayor parte de ellas presenta un deterioro severo y algunas son intransitables.\u00a0<\/span><\/p>\n","protected":false},"excerpt":{"rendered":"<p>La remodelaci\u00f3n de los bulevares Manuel Maples Arce e Independencia de Tuxpan, que corresponden a una inversi\u00f3n estatal, actualmente lleva<\/p>\n","protected":false},"author":4,"featured_media":44196,"comment_status":"closed","ping_status":"closed","sticky":false,"template":"","format":"standard","meta":{"colormag_page_container_layout":"default_layout","colormag_page_sidebar_layout":"default_layout","_jetpack_memberships_contains_paid_content":false,"footnotes":"","jetpack_publicize_message":"","jetpack_publicize_feature_enabled":true,"jetpack_social_post_already_shared":false,"jetpack_social_options":{"image_generator_settings":{"template":"highway","default_image_id":0,"font":"","enabled":false},"version":2}},"categories":[1082],"tags":[],"class_list":["post-44195","post","type-post","status-publish","format-standard","has-post-thumbnail","hentry","category-tuxpan"],"jetpack_publicize_connections":[],"jetpack_featured_media_url":"https:\/\/i0.wp.com\/politicosaldesnudo.com.mx\/wp-content\/uploads\/2024\/08\/remodelacion-de-bulevares-en-tuxpan-concluira-en-septiembre-542098.jpeg?fit=800%2C600&ssl=1","jetpack-related-posts":[],"jetpack_sharing_enabled":true,"_links":{"self":[{"href":"https:\/\/politicosaldesnudo.com.mx\/index.php\/wp-json\/wp\/v2\/posts\/44195","targetHints":{"allow":["GET"]}}],"collection":[{"href":"https:\/\/politicosaldesnudo.com.mx\/index.php\/wp-json\/wp\/v2\/posts"}],"about":[{"href":"https:\/\/politicosaldesnudo.com.mx\/index.php\/wp-json\/wp\/v2\/types\/post"}],"author":[{"embeddable":true,"href":"https:\/\/politicosaldesnudo.com.mx\/index.php\/wp-json\/wp\/v2\/users\/4"}],"replies":[{"embeddable":true,"href":"https:\/\/politicosaldesnudo.com.mx\/index.php\/wp-json\/wp\/v2\/comments?post=44195"}],"version-history":[{"count":0,"href":"https:\/\/politicosaldesnudo.com.mx\/index.php\/wp-json\/wp\/v2\/posts\/44195\/revisions"}],"wp:featuredmedia":[{"embeddable":true,"href":"https:\/\/politicosaldesnudo.com.mx\/index.php\/wp-json\/wp\/v2\/media\/44196"}],"wp:attachment":[{"href":"https:\/\/politicosaldesnudo.com.mx\/index.php\/wp-json\/wp\/v2\/media?parent=44195"}],"wp:term":[{"taxonomy":"category","embeddable":true,"href":"https:\/\/politicosaldesnudo.com.mx\/index.php\/wp-json\/wp\/v2\/categories?post=44195"},{"taxonomy":"post_tag","embeddable":true,"href":"https:\/\/politicosaldesnudo.com.mx\/index.php\/wp-json\/wp\/v2\/tags?post=44195"}],"curies":[{"name":"wp","href":"https:\/\/api.w.org\/{rel}","templated":true}]}}