{"id":44198,"date":"2024-08-15T09:19:53","date_gmt":"2024-08-15T14:19:53","guid":{"rendered":"https:\/\/politicosaldesnudo.com.mx\/?p=44198"},"modified":"2024-08-15T09:19:53","modified_gmt":"2024-08-15T14:19:53","slug":"se-lograron-acuerdos-trascendentales-para-la-seguridad-del-pais-en-la-primera-sesion-plenaria-de-la-conferencia-nacional-de-seguridad-publica-municipal","status":"publish","type":"post","link":"https:\/\/politicosaldesnudo.com.mx\/index.php\/2024\/08\/15\/se-lograron-acuerdos-trascendentales-para-la-seguridad-del-pais-en-la-primera-sesion-plenaria-de-la-conferencia-nacional-de-seguridad-publica-municipal\/","title":{"rendered":"Se lograron acuerdos trascendentales para la seguridad del pa\u00eds, en la Primera Sesi\u00f3n Plenaria de la Conferencia Nacional de Seguridad P\u00fablica Municipal"},"content":{"rendered":"<p><span style=\"font-size: 14pt;\"><em><strong>\u2022 En la sesi\u00f3n estuvo presente el Gobernador Ing. Cuitl\u00e1huac Garc\u00eda Jim\u00e9nez y el presidente de la Conferencia Nacional de Seguridad P\u00fablica Municipal y alcalde de Tuxpan, Lic. Jos\u00e9 Manuel Pozos Castro.<\/strong><\/em><\/span><\/p>\n<p><span style=\"font-size: 14pt;\">Boca del R\u00edo, Ver. &#8211; Con la asistencia de un gran n\u00famero de alcaldesas y alcaldes de varios estados del pa\u00eds y de Veracruz, se realiz\u00f3 la Primera Sesi\u00f3n Plenaria de la Conferencia Nacional de Seguridad P\u00fablica Municipal, misma que fue presidida por el Lic. Jos\u00e9 Manuel Pozos Castro, con la presencia del Gobernador Cuitl\u00e1huac Garc\u00eda Jim\u00e9nez.<\/span><\/p>\n<p><span style=\"font-size: 14pt;\">El presidente de la Conferencia Nacional y alcalde de Tuxpan, expres\u00f3 su reconocimiento a las Fuerzas Armadas, a la Guardia Nacional, a la Secretar\u00eda de Seguridad y Protecci\u00f3n Ciudadana, al Secretariado Ejecutivo del Sistema Nacional de Seguridad P\u00fablica y al Secretariado del Sistema y del Consejo Estatal de Seguridad P\u00fablica.<\/span><\/p>\n<p><span style=\"font-size: 14pt;\">En su mensaje, Pozos Castro tambi\u00e9n reconoci\u00f3 el trabajo y compromiso de las y los presidentes municipales de todo el pa\u00eds, en pro de la seguridad de los municipios de M\u00e9xico.<\/span><\/p>\n<p><span style=\"font-size: 14pt;\">Resalt\u00f3 la trascendencia de la coordinaci\u00f3n de los 3 niveles de gobierno, para salvaguardar la seguridad p\u00fablica y la soberan\u00eda de nuestro pa\u00eds.<\/span><\/p>\n<p><span style=\"font-size: 14pt;\">Consider\u00f3 que es fundamental pasar de un modelo que solamente persigue delincuentes, a uno donde prevalece la prevenci\u00f3n con el trabajo de inteligencia. \u00a1M\u00e1s prevenci\u00f3n, menos reacci\u00f3n!<\/span><\/p>\n<p><span style=\"font-size: 14pt;\">Durante la sesi\u00f3n se tuvo la intervenci\u00f3n virtual de la secretaria de Seguridad P\u00fablica y Protecci\u00f3n Ciudadana, Rosa Icela Rodr\u00edguez.<\/span><\/p>\n<p><span style=\"font-size: 14pt;\">Es de destacar que los alcaldes llegaron a acuerdos para continuar con la capacitaci\u00f3n de los cuerpos policiales, fortalecer el Registro Nacional de Detenciones, impulsar el reclutamiento de nuevos elementos policiales y su certificaci\u00f3n, y la aprobaci\u00f3n del logo oficial de la Conferencia Nacional.<\/span><\/p>\n<p><span style=\"font-size: 14pt;\">En esta sesi\u00f3n tambi\u00e9n particip\u00f3 el Dr. Cirilo Garc\u00eda Luna, Secretario T\u00e9cnico de la Conferencia; el Vicealmirante Pablo Gabriel Alc\u00e1ntara Silva, Jefe de Estado Mayor de la Tercera Regi\u00f3n Naval; el General de Brigada DEM Armando L\u00f3pez Esquivel, comandante de la 26 Zona Militar; la Fiscal General Ver\u00f3nica Hern\u00e1ndez Giad\u00e1ns; Javier Rica\u00f1o Escobar, Secretario Ejecutivo del Sistema y del Consejo Estatal de Seguridad P\u00fablica y el Secretario de Seguridad P\u00fablica de Veracruz, Cuauht\u00e9moc Z\u00fa\u00f1iga Bonilla.<\/span><\/p>\n","protected":false},"excerpt":{"rendered":"<p>\u2022 En la sesi\u00f3n estuvo presente el Gobernador Ing. Cuitl\u00e1huac Garc\u00eda Jim\u00e9nez y el presidente de la Conferencia Nacional de<\/p>\n","protected":false},"author":4,"featured_media":44199,"comment_status":"closed","ping_status":"closed","sticky":false,"template":"","format":"standard","meta":{"colormag_page_container_layout":"default_layout","colormag_page_sidebar_layout":"default_layout","_jetpack_memberships_contains_paid_content":false,"footnotes":"","jetpack_publicize_message":"","jetpack_publicize_feature_enabled":true,"jetpack_social_post_already_shared":false,"jetpack_social_options":{"image_generator_settings":{"template":"highway","default_image_id":0,"font":"","enabled":false},"version":2}},"categories":[3205,1082],"tags":[],"class_list":["post-44198","post","type-post","status-publish","format-standard","has-post-thumbnail","hentry","category-gobierno-tuxpan","category-tuxpan"],"jetpack_publicize_connections":[],"jetpack_featured_media_url":"https:\/\/i0.wp.com\/politicosaldesnudo.com.mx\/wp-content\/uploads\/2024\/08\/57755741-f0c0-4889-9d1c-d44675a1d098.jpg?fit=425%2C283&ssl=1","jetpack-related-posts":[],"jetpack_sharing_enabled":true,"_links":{"self":[{"href":"https:\/\/politicosaldesnudo.com.mx\/index.php\/wp-json\/wp\/v2\/posts\/44198","targetHints":{"allow":["GET"]}}],"collection":[{"href":"https:\/\/politicosaldesnudo.com.mx\/index.php\/wp-json\/wp\/v2\/posts"}],"about":[{"href":"https:\/\/politicosaldesnudo.com.mx\/index.php\/wp-json\/wp\/v2\/types\/post"}],"author":[{"embeddable":true,"href":"https:\/\/politicosaldesnudo.com.mx\/index.php\/wp-json\/wp\/v2\/users\/4"}],"replies":[{"embeddable":true,"href":"https:\/\/politicosaldesnudo.com.mx\/index.php\/wp-json\/wp\/v2\/comments?post=44198"}],"version-history":[{"count":0,"href":"https:\/\/politicosaldesnudo.com.mx\/index.php\/wp-json\/wp\/v2\/posts\/44198\/revisions"}],"wp:featuredmedia":[{"embeddable":true,"href":"https:\/\/politicosaldesnudo.com.mx\/index.php\/wp-json\/wp\/v2\/media\/44199"}],"wp:attachment":[{"href":"https:\/\/politicosaldesnudo.com.mx\/index.php\/wp-json\/wp\/v2\/media?parent=44198"}],"wp:term":[{"taxonomy":"category","embeddable":true,"href":"https:\/\/politicosaldesnudo.com.mx\/index.php\/wp-json\/wp\/v2\/categories?post=44198"},{"taxonomy":"post_tag","embeddable":true,"href":"https:\/\/politicosaldesnudo.com.mx\/index.php\/wp-json\/wp\/v2\/tags?post=44198"}],"curies":[{"name":"wp","href":"https:\/\/api.w.org\/{rel}","templated":true}]}}