{"id":4422,"date":"2022-04-25T21:02:45","date_gmt":"2022-04-26T02:02:45","guid":{"rendered":"https:\/\/politicosaldesnudo.com.mx\/?p=4422"},"modified":"2023-06-12T12:46:50","modified_gmt":"2023-06-12T17:46:50","slug":"gobierno-4t-es-patriota-no-tiene-nada-que-avergonzarseebrard","status":"publish","type":"post","link":"https:\/\/politicosaldesnudo.com.mx\/index.php\/2022\/04\/25\/gobierno-4t-es-patriota-no-tiene-nada-que-avergonzarseebrard\/","title":{"rendered":"Gobierno 4T es patriota, no tiene nada qu\u00e9 avergonzarse: Ebrard"},"content":{"rendered":"<p>&nbsp;<\/p>\n<p class=\"p1\"><span style=\"font-size: 14pt;\"><em><strong>Ciudad de M\u00e9xico.<\/strong> <\/em>Ante las declaraciones del expresidente de\u00a0Estados Unidos,\u00a0<strong>Donald Trump, sobre el papel de las fuerzas armadas mexicanas en la migraci\u00f3n<\/strong>, el secretario de Relaciones Exteriores de M\u00e9xico,\u00a0<strong>Marcelo Ebrard, declar\u00f3<\/strong> que la actual administraci\u00f3n\u00a0<strong>\u201cno tiene nada de qu\u00e9 avergonzarse\u201d.<\/strong><\/span><\/p>\n<p class=\"p1\"><span style=\"font-size: 14pt;\">Luego de que este domingo el\u00a0republicano\u00a0resalt\u00f3 <strong>que\u00a0en su administraci\u00f3n se \u00abdobleg\u00f3\u00bb al gobierno de L\u00f3pez Obrador<\/strong>\u00a0para que se <strong>colocaran 28 mil elementos de la\u00a0Guardia Nacional en la frontera<\/strong> sur para frenar la migraci\u00f3n, el canciller enumer\u00f3 acciones del primer mandatario en los que neg\u00f3 un trato inferior hacia M\u00e9xico.<\/span><\/p>\n<p class=\"p1\"><span style=\"font-size: 14pt;\">En su cuenta de Twitter, <strong>el titular de la SRE puso de ejemplo que durante la presi\u00f3n del gobierno de Donald Trump sobre la imposici\u00f3n de aranceles<\/strong>,\u00a0L\u00f3pez Obrador <strong>rechaz\u00f3 hacer de M\u00e9xico un \u00abtercer pa\u00eds seguro\u00bb<\/strong>, condici\u00f3n que solicit\u00f3 Estados Unidos para detener el incremento en los impuestos.<\/span><\/p>\n<blockquote class=\"twitter-tweet\" data-width=\"550\" data-dnt=\"true\">\n<p lang=\"es\" dir=\"ltr\">En cuanto a las declaraciones del ex-presidente Trump me consta el patriotismo del Presidente Lopez Obrador en aquellos momentos cr\u00edticos. Ante la amenaza de aranceles no acept\u00f3 el tercer pais seguro que era la condici\u00f3n de EU para no imponerlos. Abro hilo<\/p>\n<p>&mdash; Marcelo Ebrard C. (@m_ebrard) <a href=\"https:\/\/twitter.com\/m_ebrard\/status\/1518585271008337921?ref_src=twsrc%5Etfw\">April 25, 2022<\/a><\/p><\/blockquote>\n<p><script async src=\"https:\/\/platform.twitter.com\/widgets.js\" charset=\"utf-8\"><\/script><\/p>\n<p>&nbsp;<\/p>\n<p class=\"p1\"><span style=\"font-size: 14pt;\">Asegur\u00f3 que <strong>gracias a la \u00abentereza\u00bb del jefe del Ejecutivo federal<\/strong> fue posible\u00a0excluir el cap\u00edtulo de integraci\u00f3n energ\u00e9tica en el <strong>Tratado entre M\u00e9xico, Estados Unidos y Canad\u00e1<\/strong>, que ya se hab\u00eda negociado con el equipo del gobierno saliente, y que \u00abde haberse aceptado ser\u00eda imposible la autonom\u00eda que hoy tenemos\u00bb.<\/span><\/p>\n<blockquote>\n<p class=\"p1\"><span style=\"font-size: 14pt;\">De no ser por el presidente L\u00f3pez Obrador, M\u00e9xico tampoco habr\u00eda podido diferir en su posici\u00f3n respecto a la relaci\u00f3n entre Venezuela y Estados Unidos, y no se hubiese podido rescatar a Evo Morales, expresidente de Bolivia, cuando fue exiliado de su pa\u00eds\u201d, dijo Ebrard.<\/span><\/p>\n<\/blockquote>\n<p class=\"p1\"><span style=\"font-size: 14pt;\">Adem\u00e1s el canciller sostuvo que el <strong>gobierno de la Cuarta Transformaci\u00f3n es \u201cpatriota\u201d y no tiene nada de qu\u00e9 avergonzarse<\/strong>. Adem\u00e1s, <strong>tach\u00f3 de \u201canti-mexicanismo\u201d las declaraciones de Trump y asegur\u00f3 que \u201clo que nos califica son los hechos no sus dichos\u201d.<\/strong><\/span><\/p>\n<blockquote>\n<p class=\"p1\"><span style=\"font-size: 14pt;\">Lo de ayer es un hombre en campa\u00f1a agitando el anti-mexicanismo que lo caracteriza. Lo que nos califica son los hechos no sus dichos\u00bb, concluy\u00f3.<\/span><\/p>\n<\/blockquote>\n<p>&nbsp;<\/p>\n<p><strong><span style=\"font-size: 18pt;\">NO LE OFENDI\u00d3:AMLO<\/span><\/strong><\/p>\n<p class=\"p1\"><span style=\"font-size: 14pt;\">Por su parte,\u00a0Andr\u00e9s Manuel L\u00f3pez Obrador\u00a0<strong>coment\u00f3 que\u00a0no se sinti\u00f3 ofendido tras las declaraciones del expresidente Trump\u00a0y adelant\u00f3 que no \u201cpolemizar\u00e1\u201d el tema.<\/strong><\/span><\/p>\n<blockquote>\n<p class=\"p1\"><span style=\"font-size: 14pt;\">A m\u00ed me cae bien el presidente Trump. Aunque es capitalista (&#8230;) \u00c9l es as\u00ed y hay que ver las circunstancias\u201d, fueron sus palabras en la conferencia matutina de este lunes.<\/span><\/p>\n<\/blockquote>\n<p>&nbsp;<\/p>\n<p>&nbsp;<\/p>\n<p>&nbsp;<\/p>\n<p>&nbsp;<\/p>\n<p>&nbsp;<\/p>\n","protected":false},"excerpt":{"rendered":"<p>&nbsp; Ciudad de M\u00e9xico. Ante las declaraciones del expresidente de\u00a0Estados Unidos,\u00a0Donald Trump, sobre el papel de las fuerzas armadas mexicanas<\/p>\n","protected":false},"author":4,"featured_media":4425,"comment_status":"closed","ping_status":"closed","sticky":false,"template":"","format":"standard","meta":{"colormag_page_container_layout":"default_layout","colormag_page_sidebar_layout":"default_layout","_jetpack_memberships_contains_paid_content":false,"footnotes":"","jetpack_publicize_message":"","jetpack_publicize_feature_enabled":true,"jetpack_social_post_already_shared":false,"jetpack_social_options":{"image_generator_settings":{"template":"highway","default_image_id":0,"font":"","enabled":false},"version":2}},"categories":[33],"tags":[142,542,46,42],"class_list":["post-4422","post","type-post","status-publish","format-standard","has-post-thumbnail","hentry","category-nacional","tag-cuarta-transformacion","tag-donald-trump","tag-marcelo-ebrard","tag-mexico"],"jetpack_publicize_connections":[],"jetpack_featured_media_url":"https:\/\/i0.wp.com\/politicosaldesnudo.com.mx\/wp-content\/uploads\/2022\/04\/P-AMLO-4.png?fit=1816%2C1016&ssl=1","jetpack-related-posts":[],"jetpack_sharing_enabled":true,"_links":{"self":[{"href":"https:\/\/politicosaldesnudo.com.mx\/index.php\/wp-json\/wp\/v2\/posts\/4422","targetHints":{"allow":["GET"]}}],"collection":[{"href":"https:\/\/politicosaldesnudo.com.mx\/index.php\/wp-json\/wp\/v2\/posts"}],"about":[{"href":"https:\/\/politicosaldesnudo.com.mx\/index.php\/wp-json\/wp\/v2\/types\/post"}],"author":[{"embeddable":true,"href":"https:\/\/politicosaldesnudo.com.mx\/index.php\/wp-json\/wp\/v2\/users\/4"}],"replies":[{"embeddable":true,"href":"https:\/\/politicosaldesnudo.com.mx\/index.php\/wp-json\/wp\/v2\/comments?post=4422"}],"version-history":[{"count":0,"href":"https:\/\/politicosaldesnudo.com.mx\/index.php\/wp-json\/wp\/v2\/posts\/4422\/revisions"}],"wp:featuredmedia":[{"embeddable":true,"href":"https:\/\/politicosaldesnudo.com.mx\/index.php\/wp-json\/wp\/v2\/media\/4425"}],"wp:attachment":[{"href":"https:\/\/politicosaldesnudo.com.mx\/index.php\/wp-json\/wp\/v2\/media?parent=4422"}],"wp:term":[{"taxonomy":"category","embeddable":true,"href":"https:\/\/politicosaldesnudo.com.mx\/index.php\/wp-json\/wp\/v2\/categories?post=4422"},{"taxonomy":"post_tag","embeddable":true,"href":"https:\/\/politicosaldesnudo.com.mx\/index.php\/wp-json\/wp\/v2\/tags?post=4422"}],"curies":[{"name":"wp","href":"https:\/\/api.w.org\/{rel}","templated":true}]}}