{"id":44248,"date":"2024-08-16T08:31:27","date_gmt":"2024-08-16T13:31:27","guid":{"rendered":"https:\/\/politicosaldesnudo.com.mx\/?p=44248"},"modified":"2024-08-16T08:31:27","modified_gmt":"2024-08-16T13:31:27","slug":"ken-salazar-le-desea-exito-a-claudia-sheinbaum-proxima-presidenta-de-mexico","status":"publish","type":"post","link":"https:\/\/politicosaldesnudo.com.mx\/index.php\/2024\/08\/16\/ken-salazar-le-desea-exito-a-claudia-sheinbaum-proxima-presidenta-de-mexico\/","title":{"rendered":"Ken Salazar le desea \u00e9xito a Claudia Sheinbaum, pr\u00f3xima presidenta de M\u00e9xico"},"content":{"rendered":"<div>\n<div id=\"content-body-225-12406122\">\n<p><span style=\"font-size: 14pt;\">Ken Salazar, embajador de Estados Unidos en M\u00e9xico,\u00a0dese\u00f3 \u00e9xito en su gesti\u00f3n a\u00a0Claudia Sheinbaum, quien este jueves\u00a0recibi\u00f3\u00a0del Tribunal Electoral del Poder Judicial de la Federaci\u00f3n (TEPJF) la\u00a0constancia de su triunfo como presidenta electa de M\u00e9xico.<\/span><\/p>\n<p><span style=\"font-size: 14pt;\">A trav\u00e9s de una declaraci\u00f3n difundida por la embajada, el representante de la Casa Blanca\u00a0tambi\u00e9n felicit\u00f3 a M\u00e9xico por haber llevado a cabo el proceso electoral m\u00e1s grande de su historia, marcando un hito, con la\u00a0elecci\u00f3n de Sheinbaum\u00a0para Am\u00e9rica del Norte y para la construcci\u00f3n de\u00a0sociedades\u00a0m\u00e1s\u00a0incluyentes\u00a0y\u00a0equitativas\u00a0en todo el mundo.<\/span><\/p>\n<\/div>\n<\/div>\n<div>\n<div id=\"dfp-nota-1x1s\" data-google-query-id=\"CN6PgaPP-YcDFQCGAAAdpQQNAA\">\n<div id=\"google_ads_iframe_\/2000002\/la-prensa\/mexico_nota_1x1_0__container__\"><span style=\"font-size: 14pt;\">Le deseo \u00e9xito en su gesti\u00f3n, as\u00ed como a quienes ha designado como parte de su gabinete. Reafirmamos nuestro compromiso para seguir trabajando con M\u00e9xico como socios y con respeto a nuestras respectivas soberan\u00edas.Ken Salazar.<\/span><\/div>\n<\/div>\n<\/div>\n<article>\n<div id=\"content-body-5851641-12406122\">\n<p><span style=\"font-size: 14pt;\">Asimismo, reconoci\u00f3\u00a0al Instituto Nacional Electoral (INE), a trav\u00e9s de su consejera presidenta Guadalupe Taddei y a los\u00a0ciudadanos\u00a0que participaron en el proceso electoral del 2 de junio, as\u00ed como al\u00a0TEPJF\u00a0y a su presidenta, la Magistrada M\u00f3nica Soto.<\/span><\/p>\n<div>\n<div>\n<div id=\"teads1\"><span style=\"font-size: 14pt;\">Sheinbaum asegura que la reforma judicial va por \u00abmandato popular\u00bb<\/span><\/div>\n<\/div>\n<\/div>\n<p><span style=\"font-size: 14pt;\">En su primer acto p\u00fablico, despu\u00e9s de que por la ma\u00f1ana recibi\u00f3 la constancia que la acredita como la pr\u00f3xima presidenta de M\u00e9xico,\u00a0Sheinbaum reiter\u00f3 que la elecci\u00f3n de las y los ministros, magistrados y jueces, va, porque \u201ces un mandato popular\u201d. Tambi\u00e9n, dej\u00f3 en claro que no se deslindar\u00e1 del presidente Andr\u00e9s Manuel L\u00f3pez Obrador.<\/span><\/p>\n<p><span style=\"font-size: 14pt;\">Durante un mensaje dirigido a integrantes de su pr\u00f3ximo gabinete, gobernadores electos y en funciones, legisladores e integrantes de Morena,\u00a0llam\u00f3 al partido a reformar sus estatutos para separar con claridad las tareas partidarias de las de gobierno, y subray\u00f3 que a partir de este momento deja de representar a una parte de la sociedad para\u00a0representar a todos los mexicanos.<\/span><\/p>\n<\/div>\n<\/article>\n","protected":false},"excerpt":{"rendered":"<p>Ken Salazar, embajador de Estados Unidos en M\u00e9xico,\u00a0dese\u00f3 \u00e9xito en su gesti\u00f3n a\u00a0Claudia Sheinbaum, quien este jueves\u00a0recibi\u00f3\u00a0del Tribunal Electoral del<\/p>\n","protected":false},"author":4,"featured_media":44249,"comment_status":"closed","ping_status":"closed","sticky":false,"template":"","format":"standard","meta":{"colormag_page_container_layout":"default_layout","colormag_page_sidebar_layout":"default_layout","_jetpack_memberships_contains_paid_content":false,"footnotes":"","jetpack_publicize_message":"","jetpack_publicize_feature_enabled":true,"jetpack_social_post_already_shared":false,"jetpack_social_options":{"image_generator_settings":{"template":"highway","default_image_id":0,"font":"","enabled":false},"version":2}},"categories":[33],"tags":[],"class_list":["post-44248","post","type-post","status-publish","format-standard","has-post-thumbnail","hentry","category-nacional"],"jetpack_publicize_connections":[],"jetpack_featured_media_url":"https:\/\/i0.wp.com\/politicosaldesnudo.com.mx\/wp-content\/uploads\/2024\/08\/Ken-Salazar-y-Sheinbaum.jpg?fit=768%2C479&ssl=1","jetpack-related-posts":[],"jetpack_sharing_enabled":true,"_links":{"self":[{"href":"https:\/\/politicosaldesnudo.com.mx\/index.php\/wp-json\/wp\/v2\/posts\/44248","targetHints":{"allow":["GET"]}}],"collection":[{"href":"https:\/\/politicosaldesnudo.com.mx\/index.php\/wp-json\/wp\/v2\/posts"}],"about":[{"href":"https:\/\/politicosaldesnudo.com.mx\/index.php\/wp-json\/wp\/v2\/types\/post"}],"author":[{"embeddable":true,"href":"https:\/\/politicosaldesnudo.com.mx\/index.php\/wp-json\/wp\/v2\/users\/4"}],"replies":[{"embeddable":true,"href":"https:\/\/politicosaldesnudo.com.mx\/index.php\/wp-json\/wp\/v2\/comments?post=44248"}],"version-history":[{"count":0,"href":"https:\/\/politicosaldesnudo.com.mx\/index.php\/wp-json\/wp\/v2\/posts\/44248\/revisions"}],"wp:featuredmedia":[{"embeddable":true,"href":"https:\/\/politicosaldesnudo.com.mx\/index.php\/wp-json\/wp\/v2\/media\/44249"}],"wp:attachment":[{"href":"https:\/\/politicosaldesnudo.com.mx\/index.php\/wp-json\/wp\/v2\/media?parent=44248"}],"wp:term":[{"taxonomy":"category","embeddable":true,"href":"https:\/\/politicosaldesnudo.com.mx\/index.php\/wp-json\/wp\/v2\/categories?post=44248"},{"taxonomy":"post_tag","embeddable":true,"href":"https:\/\/politicosaldesnudo.com.mx\/index.php\/wp-json\/wp\/v2\/tags?post=44248"}],"curies":[{"name":"wp","href":"https:\/\/api.w.org\/{rel}","templated":true}]}}