{"id":44338,"date":"2024-08-18T01:09:59","date_gmt":"2024-08-18T06:09:59","guid":{"rendered":"https:\/\/politicosaldesnudo.com.mx\/?p=44338"},"modified":"2024-08-18T01:09:59","modified_gmt":"2024-08-18T06:09:59","slug":"celebran-festividad-de-la-virgen-de-la-asuncion","status":"publish","type":"post","link":"https:\/\/politicosaldesnudo.com.mx\/index.php\/2024\/08\/18\/celebran-festividad-de-la-virgen-de-la-asuncion\/","title":{"rendered":"Celebran festividad de la Virgen de la Asunci\u00f3n"},"content":{"rendered":"<p><span style=\"font-size: 14pt;\">Este 15 de agosto, la ciudad de Tuxpan celebr\u00f3 la festividad de la Virgen de la Asunci\u00f3n, patrona de la Di\u00f3cesis, con una procesi\u00f3n acu\u00e1tica y terrestre que cont\u00f3 con la participaci\u00f3n de m\u00e1s de 500 creyentes y peregrinos.<\/span><\/p>\n<p><span style=\"font-size: 14pt;\">La actividad comenz\u00f3 a las 9:30 de la ma\u00f1ana con la procesi\u00f3n acu\u00e1tica en el r\u00edo Tuxpan, donde diversas embarcaciones navegaron con la supervisi\u00f3n de la MARINA para garantizar la seguridad de los participantes.<\/span><\/p>\n<p><span style=\"font-size: 14pt;\">La procesi\u00f3n terrestre, por su parte, recorri\u00f3 la Avenida Ju\u00e1rez.<\/span><\/p>\n","protected":false},"excerpt":{"rendered":"<p>Este 15 de agosto, la ciudad de Tuxpan celebr\u00f3 la festividad de la Virgen de la Asunci\u00f3n, patrona de la<\/p>\n","protected":false},"author":4,"featured_media":44339,"comment_status":"closed","ping_status":"closed","sticky":false,"template":"","format":"standard","meta":{"colormag_page_container_layout":"default_layout","colormag_page_sidebar_layout":"default_layout","_jetpack_memberships_contains_paid_content":false,"footnotes":"","jetpack_publicize_message":"","jetpack_publicize_feature_enabled":true,"jetpack_social_post_already_shared":false,"jetpack_social_options":{"image_generator_settings":{"template":"highway","default_image_id":0,"font":"","enabled":false},"version":2}},"categories":[1082],"tags":[],"class_list":["post-44338","post","type-post","status-publish","format-standard","has-post-thumbnail","hentry","category-tuxpan"],"jetpack_publicize_connections":[],"jetpack_featured_media_url":"https:\/\/i0.wp.com\/politicosaldesnudo.com.mx\/wp-content\/uploads\/2024\/08\/3b3.jpg?fit=1024%2C768&ssl=1","jetpack-related-posts":[],"jetpack_sharing_enabled":true,"_links":{"self":[{"href":"https:\/\/politicosaldesnudo.com.mx\/index.php\/wp-json\/wp\/v2\/posts\/44338","targetHints":{"allow":["GET"]}}],"collection":[{"href":"https:\/\/politicosaldesnudo.com.mx\/index.php\/wp-json\/wp\/v2\/posts"}],"about":[{"href":"https:\/\/politicosaldesnudo.com.mx\/index.php\/wp-json\/wp\/v2\/types\/post"}],"author":[{"embeddable":true,"href":"https:\/\/politicosaldesnudo.com.mx\/index.php\/wp-json\/wp\/v2\/users\/4"}],"replies":[{"embeddable":true,"href":"https:\/\/politicosaldesnudo.com.mx\/index.php\/wp-json\/wp\/v2\/comments?post=44338"}],"version-history":[{"count":0,"href":"https:\/\/politicosaldesnudo.com.mx\/index.php\/wp-json\/wp\/v2\/posts\/44338\/revisions"}],"wp:featuredmedia":[{"embeddable":true,"href":"https:\/\/politicosaldesnudo.com.mx\/index.php\/wp-json\/wp\/v2\/media\/44339"}],"wp:attachment":[{"href":"https:\/\/politicosaldesnudo.com.mx\/index.php\/wp-json\/wp\/v2\/media?parent=44338"}],"wp:term":[{"taxonomy":"category","embeddable":true,"href":"https:\/\/politicosaldesnudo.com.mx\/index.php\/wp-json\/wp\/v2\/categories?post=44338"},{"taxonomy":"post_tag","embeddable":true,"href":"https:\/\/politicosaldesnudo.com.mx\/index.php\/wp-json\/wp\/v2\/tags?post=44338"}],"curies":[{"name":"wp","href":"https:\/\/api.w.org\/{rel}","templated":true}]}}