{"id":44370,"date":"2024-08-18T09:18:42","date_gmt":"2024-08-18T14:18:42","guid":{"rendered":"https:\/\/politicosaldesnudo.com.mx\/?p=44370"},"modified":"2024-08-18T09:18:42","modified_gmt":"2024-08-18T14:18:42","slug":"sict-reanudara-cobro-de-peaje-en-la-autopista-del-sol","status":"publish","type":"post","link":"https:\/\/politicosaldesnudo.com.mx\/index.php\/2024\/08\/18\/sict-reanudara-cobro-de-peaje-en-la-autopista-del-sol\/","title":{"rendered":"SICT reanudar\u00e1 cobro de peaje en la Autopista del Sol"},"content":{"rendered":"<p><span style=\"font-size: 14pt;\">A 10 meses del paso devastador del hurac\u00e1n\u00a0<em>Otis<\/em>\u00a0por Guerrero, se reanudar\u00e1 el cobro del peaje en las plazas de la autopista Cuernavaca-Acapulco y el Libramiento Poniente de Acapulco a partir del lunes 26 de agosto, inform\u00f3 la Secretar\u00eda de Infraestructura, Comunicaciones y Transportes (SICT).<\/span><\/p>\n<p><span style=\"font-size: 14pt;\">La dependencia federal indic\u00f3 que desde las 00:00:01 del 26 de agosto se reactivar\u00e1 el pago para los veh\u00edculos que crucen las casetas de Paso Morelos, Palo Blanco y La Venta, ubicadas en la Autopista Cuernavaca-Acapulco; as\u00ed como La Venta Bis que se encuentra en la autopista Libramiento Poniente de Acapulco.<\/span><\/p>\n<div class=\"teads-inread\">\n<div>\n<div id=\"teads0\" class=\"teads-player\"><span style=\"font-size: 14pt;\">La medida fue puesta en pr\u00e1ctica por el gobierno federal como parte de la Emergencia T\u00e9cnica Operativa causada por el hurac\u00e1n Otis, el cual devast\u00f3 el puerto y otros municipios de Guerrero en octubre pasado.<\/span><\/div>\n<\/div>\n<\/div>\n<p><span style=\"font-size: 14pt;\">Debido a que esta medida ya concluy\u00f3, la SICT pidi\u00f3 a la poblaci\u00f3n tomar en cuenta que el cobro del peaje se reanudar\u00e1.<\/span><\/p>\n<p><span style=\"font-size: 14pt;\">La dependencia apunt\u00f3 que durante estos meses esta ayuda benefici\u00f3 a alrededor de 9.4 millones de veh\u00edculos ligeros que circularon por dichas plazas de cobro, lo que significa un aproximado de 18.8 millones de personas que hicieron uso de este apoyo del gobierno federal.<\/span><\/p>\n","protected":false},"excerpt":{"rendered":"<p>A 10 meses del paso devastador del hurac\u00e1n\u00a0Otis\u00a0por Guerrero, se reanudar\u00e1 el cobro del peaje en las plazas de la<\/p>\n","protected":false},"author":4,"featured_media":44371,"comment_status":"closed","ping_status":"closed","sticky":false,"template":"","format":"standard","meta":{"colormag_page_container_layout":"default_layout","colormag_page_sidebar_layout":"default_layout","_jetpack_memberships_contains_paid_content":false,"footnotes":"","jetpack_publicize_message":"","jetpack_publicize_feature_enabled":true,"jetpack_social_post_already_shared":false,"jetpack_social_options":{"image_generator_settings":{"template":"highway","default_image_id":0,"font":"","enabled":false},"version":2}},"categories":[2050],"tags":[],"class_list":["post-44370","post","type-post","status-publish","format-standard","has-post-thumbnail","hentry","category-economia"],"jetpack_publicize_connections":[],"jetpack_featured_media_url":"https:\/\/i0.wp.com\/politicosaldesnudo.com.mx\/wp-content\/uploads\/2024\/08\/cmUqfF98_400x400.jpg?fit=400%2C400&ssl=1","jetpack-related-posts":[],"jetpack_sharing_enabled":true,"_links":{"self":[{"href":"https:\/\/politicosaldesnudo.com.mx\/index.php\/wp-json\/wp\/v2\/posts\/44370","targetHints":{"allow":["GET"]}}],"collection":[{"href":"https:\/\/politicosaldesnudo.com.mx\/index.php\/wp-json\/wp\/v2\/posts"}],"about":[{"href":"https:\/\/politicosaldesnudo.com.mx\/index.php\/wp-json\/wp\/v2\/types\/post"}],"author":[{"embeddable":true,"href":"https:\/\/politicosaldesnudo.com.mx\/index.php\/wp-json\/wp\/v2\/users\/4"}],"replies":[{"embeddable":true,"href":"https:\/\/politicosaldesnudo.com.mx\/index.php\/wp-json\/wp\/v2\/comments?post=44370"}],"version-history":[{"count":0,"href":"https:\/\/politicosaldesnudo.com.mx\/index.php\/wp-json\/wp\/v2\/posts\/44370\/revisions"}],"wp:featuredmedia":[{"embeddable":true,"href":"https:\/\/politicosaldesnudo.com.mx\/index.php\/wp-json\/wp\/v2\/media\/44371"}],"wp:attachment":[{"href":"https:\/\/politicosaldesnudo.com.mx\/index.php\/wp-json\/wp\/v2\/media?parent=44370"}],"wp:term":[{"taxonomy":"category","embeddable":true,"href":"https:\/\/politicosaldesnudo.com.mx\/index.php\/wp-json\/wp\/v2\/categories?post=44370"},{"taxonomy":"post_tag","embeddable":true,"href":"https:\/\/politicosaldesnudo.com.mx\/index.php\/wp-json\/wp\/v2\/tags?post=44370"}],"curies":[{"name":"wp","href":"https:\/\/api.w.org\/{rel}","templated":true}]}}