{"id":44373,"date":"2024-08-18T09:21:27","date_gmt":"2024-08-18T14:21:27","guid":{"rendered":"https:\/\/politicosaldesnudo.com.mx\/?p=44373"},"modified":"2024-08-18T09:21:27","modified_gmt":"2024-08-18T14:21:27","slug":"agradece-ramirez-cuellar-respaldo-de-lideres-locales-en-zacatecas","status":"publish","type":"post","link":"https:\/\/politicosaldesnudo.com.mx\/index.php\/2024\/08\/18\/agradece-ramirez-cuellar-respaldo-de-lideres-locales-en-zacatecas\/","title":{"rendered":"Agradece Ram\u00edrez Cuellar respaldo de l\u00edderes locales en Zacatecas"},"content":{"rendered":"<p><span style=\"font-size: 14pt;\">M\u00e9xico atraviesa por un momento de estabilidad econ\u00f3mica, con un proyecto de desarrollo y crecimiento estructural que no hab\u00eda tenido durante muchas d\u00e9cadas, gracias al buen gobierno del presidente Andr\u00e9s Manuel L\u00f3pez Obrador, y con el arribo a la primera magistratura del pa\u00eds de Claudia Sheinbaum Pardo, el 1 de octubre pr\u00f3ximo, los mexicanos tenemos una garant\u00eda de continuidad, que es necesario consolidar mediante el segundo piso de la cuarta transformaci\u00f3n.<\/span><\/p>\n<p><span style=\"font-size: 14pt;\">\u201cY debemos estar en este esfuerzo todos los que, con nuestro voto, la llevamos al triunfo, porque \u00e9sta transformaci\u00f3n debe continuar, no puede estancarse, para seguir mejorando las condiciones de igualdad y oportunidades, para la poblaci\u00f3n m\u00e1s desprotegida del pa\u00eds\u00bb.<\/span><\/p>\n<p><span style=\"font-size: 14pt;\">Afirm\u00f3 lo anterior el diputado federal electo Alfonso Ram\u00edrez Cu\u00e9llar, de Morena, quien presidir\u00e1 la Comisi\u00f3n de Presupuesto de la C\u00e1mara Baja, y encabez\u00f3 \u00e9ste s\u00e1bado una nutrida reuni\u00f3n de \u201cagradecimiento\u201d, ante dirigentes de izquierda, representantes campesinos y de organizaciones sociales, as\u00ed como acad\u00e9micos e investigadores de la Universidad Aut\u00f3noma de Zacatecas, adem\u00e1s de colectivos de mujeres feministas de la capital zacatecana, por el respaldo que obtuvieron en la votaci\u00f3n del pasado 2 de junio, la doctora Sheinbaum, as\u00ed como a los pr\u00f3ximos legisladores federales, afines a la Cuarta Transformaci\u00f3n.<\/span><\/p>\n<p><span style=\"font-size: 14pt;\">El 1 de octubre, afirm\u00f3 Ram\u00edrez Cu\u00e9llar, la presidenta del pa\u00eds deber\u00e1 anunciar su plan para los primeros 100 d\u00edas de gobierno, ya que plante\u00f3, \u201ccuando se habla de segundo piso, lo que queremos decir es que queremos construir un piso parejo, con igualdad de oportunidades para todas y todos\u201d.<\/span><\/p>\n<p><span style=\"font-size: 14pt;\">Se continuar\u00e1 con la pol\u00edtica de gobierno enfocada en pol\u00edticas p\u00fablicas, donde el objetivo, seguir\u00e1 siendo, \u201cprimero los pobres, y sobre todo la gente m\u00e1s pobre, por el bien de todos, para que erradiquemos para el a\u00f1o 2030, la situaci\u00f3n de pobreza extrema en la que viven casi 9 millones de hombres y mujeres, entre ellos casi un mill\u00f3n 200 mil ni\u00f1os\u201d.<\/span><\/p>\n<p><span style=\"font-size: 14pt;\">\u201cEse es nuestro objetivo principal, terminar con la pobreza extrema en M\u00e9xico, y seguir desarrollando la haza\u00f1a que hizo el presidente L\u00f3pez Obrador, para que la pobreza moderada sea superada y muchas familias en el pa\u00eds, empiecen a notar una mejor\u00eda, y elevar sus niveles de bienestar, y sacar adelante la prosperidad y el mejoramiento de sus condiciones de vida\u201d.<\/span><\/p>\n<p><span style=\"font-size: 14pt;\">Ante los cientos de l\u00edderes regionales de distintos sectores, simpatizantes de la Cuarta Transformaci\u00f3n, que respaldaron a Claudia Sheinbaum, reunidos en el teatro universitario Fernando Calder\u00f3n, el diputado federal electo Alfonso Ram\u00edrez Cu\u00e9llar record\u00f3 que adem\u00e1s, \u201cdecir que vamos por el segundo piso es, asumir que las reformas y las transformaciones no pueden detenerse: transformaci\u00f3n que se estanca, transformaci\u00f3n que se pierde\u201d.<\/span><\/p>\n<p><span style=\"font-size: 14pt;\">\u201cCambio que se suspende, cambio que se malogra, y es un camino de retroceso que nosotros no queremos llevar a cabo, ni vamos a permitir, por eso se trata de dar un paso m\u00e1s. Y aprovechar los cimientos y echar un segundo piso a la transformaci\u00f3n\u201d.<\/span><\/p>\n<p><span style=\"font-size: 14pt;\">Cuando tome posesi\u00f3n de la presidencia del pa\u00eds, Claudia Sheinbaum, definir\u00e1 su pol\u00edtica de gobierno, donde quedar\u00e1n definidas varios planes prioritarios, que defini\u00f3 con una met\u00e1fora:<\/span><\/p>\n<p><span style=\"font-size: 14pt;\">\u201cAnte los ojos de toda la naci\u00f3n, que habr\u00e1 gobierno en el agua, para hacer realidad el derecho humano a que todos los mexicanos tengamos acceso al agua potable; que se va a poner en orden en los distritos de riego; que se va a poner en marcha un programa ambicioso de tecnificaci\u00f3n y de uso eficiente de la energ\u00eda, para garantizar la recarga y la conservaci\u00f3n de los acu\u00edferos, dar seguridad h\u00eddrica, y hacer de nuestro uso de los recursos naturales, algo realmente sustentable\u201d.<\/span><\/p>\n<p><span style=\"font-size: 14pt;\">Otro compromiso de la presidenta Claudia Sheinbaum, asegur\u00f3 el pr\u00f3ximo presidente de la Comisi\u00f3n de Presupuesto en la C\u00e1mara de Diputados, ser\u00e1 el de reformar la constituci\u00f3n, para eliminar la reelecci\u00f3n de diputados federales y locales, y de presidentes municipales en el pa\u00eds. Propuesta que todos los asistentes vitorearon con aplausos.<\/span><\/p>\n","protected":false},"excerpt":{"rendered":"<p>M\u00e9xico atraviesa por un momento de estabilidad econ\u00f3mica, con un proyecto de desarrollo y crecimiento estructural que no hab\u00eda tenido<\/p>\n","protected":false},"author":4,"featured_media":44374,"comment_status":"closed","ping_status":"closed","sticky":false,"template":"","format":"standard","meta":{"colormag_page_container_layout":"default_layout","colormag_page_sidebar_layout":"default_layout","_jetpack_memberships_contains_paid_content":false,"footnotes":"","jetpack_publicize_message":"","jetpack_publicize_feature_enabled":true,"jetpack_social_post_already_shared":false,"jetpack_social_options":{"image_generator_settings":{"template":"highway","default_image_id":0,"font":"","enabled":false},"version":2}},"categories":[30],"tags":[],"class_list":["post-44373","post","type-post","status-publish","format-standard","has-post-thumbnail","hentry","category-estados"],"jetpack_publicize_connections":[],"jetpack_featured_media_url":"https:\/\/i0.wp.com\/politicosaldesnudo.com.mx\/wp-content\/uploads\/2024\/08\/alfonso-ramirez-cuellar.jpeg?fit=831%2C637&ssl=1","jetpack-related-posts":[],"jetpack_sharing_enabled":true,"_links":{"self":[{"href":"https:\/\/politicosaldesnudo.com.mx\/index.php\/wp-json\/wp\/v2\/posts\/44373","targetHints":{"allow":["GET"]}}],"collection":[{"href":"https:\/\/politicosaldesnudo.com.mx\/index.php\/wp-json\/wp\/v2\/posts"}],"about":[{"href":"https:\/\/politicosaldesnudo.com.mx\/index.php\/wp-json\/wp\/v2\/types\/post"}],"author":[{"embeddable":true,"href":"https:\/\/politicosaldesnudo.com.mx\/index.php\/wp-json\/wp\/v2\/users\/4"}],"replies":[{"embeddable":true,"href":"https:\/\/politicosaldesnudo.com.mx\/index.php\/wp-json\/wp\/v2\/comments?post=44373"}],"version-history":[{"count":0,"href":"https:\/\/politicosaldesnudo.com.mx\/index.php\/wp-json\/wp\/v2\/posts\/44373\/revisions"}],"wp:featuredmedia":[{"embeddable":true,"href":"https:\/\/politicosaldesnudo.com.mx\/index.php\/wp-json\/wp\/v2\/media\/44374"}],"wp:attachment":[{"href":"https:\/\/politicosaldesnudo.com.mx\/index.php\/wp-json\/wp\/v2\/media?parent=44373"}],"wp:term":[{"taxonomy":"category","embeddable":true,"href":"https:\/\/politicosaldesnudo.com.mx\/index.php\/wp-json\/wp\/v2\/categories?post=44373"},{"taxonomy":"post_tag","embeddable":true,"href":"https:\/\/politicosaldesnudo.com.mx\/index.php\/wp-json\/wp\/v2\/tags?post=44373"}],"curies":[{"name":"wp","href":"https:\/\/api.w.org\/{rel}","templated":true}]}}