{"id":44422,"date":"2024-08-19T08:26:08","date_gmt":"2024-08-19T13:26:08","guid":{"rendered":"https:\/\/politicosaldesnudo.com.mx\/?p=44422"},"modified":"2024-08-19T08:26:08","modified_gmt":"2024-08-19T13:26:08","slug":"variaciones-en-tipo-de-cambio-afectan-a-industria-alimenticia-de-jalisco","status":"publish","type":"post","link":"https:\/\/politicosaldesnudo.com.mx\/index.php\/2024\/08\/19\/variaciones-en-tipo-de-cambio-afectan-a-industria-alimenticia-de-jalisco\/","title":{"rendered":"Variaciones en tipo de cambio afectan a industria alimenticia de Jalisco"},"content":{"rendered":"<p><span style=\"font-size: 14pt;\">Adem\u00e1s de la incertidumbre econ\u00f3mica, el sector se ve afectado por la inseguridad, delincuencia organizada y suministro de energ\u00eda, as\u00ed como el tema de la seguridad y las condiciones en que se encuentran las carreteras, se\u00f1alan empresarios.<\/span><\/p>\n<p><span style=\"font-size: 14pt;\">Las variaciones que ha tenido la paridad peso-d\u00f3lar han tenido un doble efecto en la industria alimenticia de Jalisco, la que m\u00e1s aporta al Producto Interno Bruto (PIB) alimenticio del pa\u00eds.<\/span><\/p>\n<p><span style=\"font-size: 14pt;\">Empresarios del ramo coinciden en que, si bien el encarecimiento del d\u00f3lar beneficia a las empresas exportadores, en t\u00e9rminos generales afecta a a industria que importa buena parte de sus materias primas.<\/span><\/p>\n<p><span style=\"font-size: 14pt;\">\u201cYo por ejemplo, adem\u00e1s de presidir la C\u00e1mara Alimenticia, tengo una empresa de confiter\u00eda; nosotros \u00fanicamente procesamos cacahuate, pero M\u00e9xico no es autosuficiente en cacahuate y nosotros lo importamos\u201d, coment\u00f3 a El Economista, el presidente de la C\u00e1mara de la Industria Alimenticia de Jalisco (CIAJ), Fernando Acosta.<\/span><\/p>\n<p><span style=\"font-size: 14pt;\">\u201cM\u00e9xico consume 190,000 toneladas de cacahuate y nosotros producimos 80,000 toneladas; todo lo dem\u00e1s lo tenemos que importar, entonces, los que importamos, s\u00ed tenemos una repercusi\u00f3n importante en costos para la elaboraci\u00f3n de los productos\u201d, subray\u00f3 el industrial.<\/span><\/p>\n<p><span style=\"font-size: 14pt;\">Por su parte, Felipe G\u00f3mez Garc\u00eda, CEO de Grupo Industrial Vida, principal productor de avena en Am\u00e9rica Latina, indic\u00f3 que la variaci\u00f3n peso-d\u00f3lar \u201cnos est\u00e1 regresando algo de competitividad en las exportaciones, pero evidentemente nos est\u00e1 provocando un incremento en los costos de aquellas materias primas que importamos\u201d.<\/span><\/p>\n<p><span style=\"font-size: 14pt;\">\u201cImportamos grano de avena principalmente y algunas otras materias primas que no se producen en el pa\u00eds. Todo lo que se produce en el pa\u00eds lo compramos localmente, solamente lo que no se produce en el pa\u00eds es lo que estamos obligados a importar y en ese sentido s\u00ed vamos a enfrentar un a\u00f1o con costos un poquito m\u00e1s elevados\u201d, subray\u00f3.<\/span><\/p>\n<p><span style=\"font-size: 14pt;\">Desaf\u00edos<\/span><\/p>\n<p><span style=\"font-size: 14pt;\">Al hablar de los desaf\u00edos que enfrenta la industria alimenticia de Jalisco, el presidente de la CIAJ, Fernando Acosta, refiri\u00f3 que adem\u00e1s de la incertidumbre econ\u00f3mica, el sector se ve afectado por la inseguridad, delincuencia organizada y suministro de energ\u00eda, as\u00ed como el tema de la seguridad y las condiciones en que se encuentran las carreteras para transportar los alimentos.<\/span><\/p>\n<p><span style=\"font-size: 14pt;\">\u201cJalisco, afortunadamente es l\u00edder en muchos sectores; es l\u00edder en la producci\u00f3n de leche, de huevo, es segundo lugar a nivel nacional en producci\u00f3n de carne; tambi\u00e9n somos n\u00famero uno en producci\u00f3n de confiter\u00eda, pero a\u00fan as\u00ed, repercute el incremento de estos productos y el m\u00e1s afectado es el consumidor final\u201d, puntualiz\u00f3.<\/span><\/p>\n","protected":false},"excerpt":{"rendered":"<p>Adem\u00e1s de la incertidumbre econ\u00f3mica, el sector se ve afectado por la inseguridad, delincuencia organizada y suministro de energ\u00eda, as\u00ed<\/p>\n","protected":false},"author":4,"featured_media":44423,"comment_status":"closed","ping_status":"closed","sticky":false,"template":"","format":"standard","meta":{"colormag_page_container_layout":"default_layout","colormag_page_sidebar_layout":"default_layout","_jetpack_memberships_contains_paid_content":false,"footnotes":"","jetpack_publicize_message":"","jetpack_publicize_feature_enabled":true,"jetpack_social_post_already_shared":false,"jetpack_social_options":{"image_generator_settings":{"template":"highway","default_image_id":0,"font":"","enabled":false},"version":2}},"categories":[30],"tags":[],"class_list":["post-44422","post","type-post","status-publish","format-standard","has-post-thumbnail","hentry","category-estados"],"jetpack_publicize_connections":[],"jetpack_featured_media_url":"https:\/\/i0.wp.com\/politicosaldesnudo.com.mx\/wp-content\/uploads\/2024\/08\/industria_alimentaria_gm_x1x.jpg_270939306.jpg?fit=1200%2C750&ssl=1","jetpack-related-posts":[],"jetpack_sharing_enabled":true,"_links":{"self":[{"href":"https:\/\/politicosaldesnudo.com.mx\/index.php\/wp-json\/wp\/v2\/posts\/44422","targetHints":{"allow":["GET"]}}],"collection":[{"href":"https:\/\/politicosaldesnudo.com.mx\/index.php\/wp-json\/wp\/v2\/posts"}],"about":[{"href":"https:\/\/politicosaldesnudo.com.mx\/index.php\/wp-json\/wp\/v2\/types\/post"}],"author":[{"embeddable":true,"href":"https:\/\/politicosaldesnudo.com.mx\/index.php\/wp-json\/wp\/v2\/users\/4"}],"replies":[{"embeddable":true,"href":"https:\/\/politicosaldesnudo.com.mx\/index.php\/wp-json\/wp\/v2\/comments?post=44422"}],"version-history":[{"count":0,"href":"https:\/\/politicosaldesnudo.com.mx\/index.php\/wp-json\/wp\/v2\/posts\/44422\/revisions"}],"wp:featuredmedia":[{"embeddable":true,"href":"https:\/\/politicosaldesnudo.com.mx\/index.php\/wp-json\/wp\/v2\/media\/44423"}],"wp:attachment":[{"href":"https:\/\/politicosaldesnudo.com.mx\/index.php\/wp-json\/wp\/v2\/media?parent=44422"}],"wp:term":[{"taxonomy":"category","embeddable":true,"href":"https:\/\/politicosaldesnudo.com.mx\/index.php\/wp-json\/wp\/v2\/categories?post=44422"},{"taxonomy":"post_tag","embeddable":true,"href":"https:\/\/politicosaldesnudo.com.mx\/index.php\/wp-json\/wp\/v2\/tags?post=44422"}],"curies":[{"name":"wp","href":"https:\/\/api.w.org\/{rel}","templated":true}]}}