{"id":44465,"date":"2024-08-19T09:03:00","date_gmt":"2024-08-19T14:03:00","guid":{"rendered":"https:\/\/politicosaldesnudo.com.mx\/?p=44465"},"modified":"2024-08-19T09:03:00","modified_gmt":"2024-08-19T14:03:00","slug":"iniciara-registro-de-incorporacion-de-65-y-mas","status":"publish","type":"post","link":"https:\/\/politicosaldesnudo.com.mx\/index.php\/2024\/08\/19\/iniciara-registro-de-incorporacion-de-65-y-mas\/","title":{"rendered":"Iniciar\u00e1 registro de incorporaci\u00f3n de 65 y M\u00e1s"},"content":{"rendered":"<p><span style=\"font-size: 14pt;\">A partir de este lunes 19 al 31 de agosto se abrir\u00e1 el registro de incorporaci\u00f3n para la pensi\u00f3n de Adultos Mayores de 65 y m\u00e1s de la Secretar\u00eda de Bienestar para las personas que cumplan la edad establecida en el programa entre los meses de julio y agosto.\u00a0<\/span><\/p>\n<p><span style=\"font-size: 14pt;\">A trav\u00e9s de redes sociales, la Secretar\u00eda de Bienestar comparti\u00f3 el calendario para realizar el tr\u00e1mite con un horario de lunes a viernes de 10:00 a 16:00 horas:\u00a0<\/span><\/p>\n<p><span style=\"font-size: 14pt;\">* A, B, C: Lunes 19-26 de agosto<\/span><\/p>\n<p><span style=\"font-size: 14pt;\">* D, E, F, G, H: Martes 20 y 27 de agosto<\/span><\/p>\n<p><span style=\"font-size: 14pt;\">* I, J, K, L, M: Mi\u00e9rcoles 21 y 28 de agosto<\/span><\/p>\n<p><span style=\"font-size: 14pt;\">* N, \u00d1, O, P, Q, R: Jueves 22 y 29 de agosto<\/span><\/p>\n<p><span style=\"font-size: 14pt;\">* S, T, U, V, W, X, Y, Z: Viernes 23 y 30 de agosto<\/span><\/p>\n<p><span style=\"font-size: 14pt;\">* Todas las letras: S\u00e1bado 24 y 31 de agosto<\/span><\/p>\n<p><span style=\"font-size: 14pt;\">Estos son los documentos que deber\u00e1n llevar:<\/span><\/p>\n<p><span style=\"font-size: 14pt;\">* Identificaci\u00f3n oficial vigente<\/span><\/p>\n<p><span style=\"font-size: 14pt;\">* Acta de nacimiento<\/span><\/p>\n<p><span style=\"font-size: 14pt;\">* CURP de reciente impresi\u00f3n<\/span><\/p>\n<p><span style=\"font-size: 14pt;\">* Comprobante de domicilio no mayor a seis meses<\/span><\/p>\n<p><span style=\"font-size: 14pt;\">* Tel\u00e9fono de contacto celular y de casa\u00a0<\/span><\/p>\n","protected":false},"excerpt":{"rendered":"<p>A partir de este lunes 19 al 31 de agosto se abrir\u00e1 el registro de incorporaci\u00f3n para la pensi\u00f3n de<\/p>\n","protected":false},"author":4,"featured_media":44466,"comment_status":"closed","ping_status":"closed","sticky":false,"template":"","format":"standard","meta":{"colormag_page_container_layout":"default_layout","colormag_page_sidebar_layout":"default_layout","_jetpack_memberships_contains_paid_content":false,"footnotes":"","jetpack_publicize_message":"","jetpack_publicize_feature_enabled":true,"jetpack_social_post_already_shared":false,"jetpack_social_options":{"image_generator_settings":{"template":"highway","default_image_id":0,"font":"","enabled":false},"version":2}},"categories":[1082],"tags":[],"class_list":["post-44465","post","type-post","status-publish","format-standard","has-post-thumbnail","hentry","category-tuxpan"],"jetpack_publicize_connections":[],"jetpack_featured_media_url":"https:\/\/i0.wp.com\/politicosaldesnudo.com.mx\/wp-content\/uploads\/2024\/08\/iniciara-registro-de-incorporacion-de-65-y-mas-543324.jpg?fit=800%2C600&ssl=1","jetpack-related-posts":[],"jetpack_sharing_enabled":true,"_links":{"self":[{"href":"https:\/\/politicosaldesnudo.com.mx\/index.php\/wp-json\/wp\/v2\/posts\/44465","targetHints":{"allow":["GET"]}}],"collection":[{"href":"https:\/\/politicosaldesnudo.com.mx\/index.php\/wp-json\/wp\/v2\/posts"}],"about":[{"href":"https:\/\/politicosaldesnudo.com.mx\/index.php\/wp-json\/wp\/v2\/types\/post"}],"author":[{"embeddable":true,"href":"https:\/\/politicosaldesnudo.com.mx\/index.php\/wp-json\/wp\/v2\/users\/4"}],"replies":[{"embeddable":true,"href":"https:\/\/politicosaldesnudo.com.mx\/index.php\/wp-json\/wp\/v2\/comments?post=44465"}],"version-history":[{"count":0,"href":"https:\/\/politicosaldesnudo.com.mx\/index.php\/wp-json\/wp\/v2\/posts\/44465\/revisions"}],"wp:featuredmedia":[{"embeddable":true,"href":"https:\/\/politicosaldesnudo.com.mx\/index.php\/wp-json\/wp\/v2\/media\/44466"}],"wp:attachment":[{"href":"https:\/\/politicosaldesnudo.com.mx\/index.php\/wp-json\/wp\/v2\/media?parent=44465"}],"wp:term":[{"taxonomy":"category","embeddable":true,"href":"https:\/\/politicosaldesnudo.com.mx\/index.php\/wp-json\/wp\/v2\/categories?post=44465"},{"taxonomy":"post_tag","embeddable":true,"href":"https:\/\/politicosaldesnudo.com.mx\/index.php\/wp-json\/wp\/v2\/tags?post=44465"}],"curies":[{"name":"wp","href":"https:\/\/api.w.org\/{rel}","templated":true}]}}