{"id":44538,"date":"2024-08-21T06:28:55","date_gmt":"2024-08-21T11:28:55","guid":{"rendered":"https:\/\/politicosaldesnudo.com.mx\/?p=44538"},"modified":"2024-08-20T19:33:46","modified_gmt":"2024-08-21T00:33:46","slug":"muere-la-mujer-mas-longeva-del-mundo-maria-branyas-tenia-117-anos","status":"publish","type":"post","link":"https:\/\/politicosaldesnudo.com.mx\/index.php\/2024\/08\/21\/muere-la-mujer-mas-longeva-del-mundo-maria-branyas-tenia-117-anos\/","title":{"rendered":"Muere la mujer m\u00e1s longeva del mundo Mar\u00eda Branyas, ten\u00eda 117 a\u00f1os"},"content":{"rendered":"<div>\n<div id=\"content-body-225-12426245\">\n<p><span style=\"font-size: 14pt;\">Mar\u00eda Branyas Morera, la mujer que desde hac\u00eda un a\u00f1o era\u00a0la persona m\u00e1s anciana del mundo\u00a0y\u00a0la octava m\u00e1s longeva de la historia, falleci\u00f3 la madrugada de este lunes en Espa\u00f1a\u00a0a los 117 a\u00f1os y 168 d\u00edas,\u00a0seg\u00fan confirm\u00f3 la familia a EFE.<\/span><\/p>\n<p><span style=\"font-size: 14pt;\">Mar\u00eda, cuyos\u00a0restos fueron incinerados este martes, \u00abse apag\u00f3 durmiendo, que era lo que ella quer\u00eda y lo que queremos todos\u00bb, afirm\u00f3 Rosa Moret, la hija peque\u00f1a de Mar\u00eda, de 80 a\u00f1os.<\/span><\/p>\n<p><span style=\"font-size: 14pt;\">La supercentenaria muri\u00f3 sobre las seis de la ma\u00f1ana del lunes en\u00a0la residencia Santa Mar\u00eda del Tura de Olot (noreste),\u00a0en la que viv\u00eda desde hac\u00eda unas dos d\u00e9cadas, y poco despu\u00e9s en su cuenta de X, que lleva uno de sus yernos y que cuenta con m\u00e1s de 18.400 seguidores, escribieron este mensaje:<\/span><\/p>\n<\/div>\n<\/div>\n<article>\n<div id=\"content-body-5851641-12426245\">\n<p><span style=\"font-size: 14pt;\">\u00abY cuando mi voz calle con la muerte, mi coraz\u00f3n te seguir\u00e1 hablando de amor\u00bb (Tagore). Me siento d\u00e9bil. Se acerca la hora. No llor\u00e9is, no me gustan las l\u00e1grimas. Y sobre todo no sufr\u00e1is por m\u00ed. Ya me conoc\u00edas, all\u00ed donde vaya ser\u00e9 feliz, pues de alguna manera os llevar\u00e9 siempre conmigo\u00bb.<\/span><\/p>\n<p><span style=\"font-size: 14pt;\">El mensaje tiene hasta el momento cerca de 80.000 visualizaciones y m\u00e1s de un centenar de mensajes de afecto.<\/span><\/p>\n<p><span style=\"font-size: 14pt;\">Seg\u00fan la\u00a0Asociaci\u00f3n Gerontology Research Group (GRG), que se encarga de verificar qu\u00e9 personas son\u00a0supercentenarias, (que han cumplido los 110 a\u00f1os), mediante los certificados de nacimiento y de matrimonio, once personas, todas mujeres, han vivido m\u00e1s que Mar\u00eda Branyas, todas fallecidas.<\/span><\/p>\n<p><span style=\"font-size: 14pt;\">El r\u00e9cord de longevidad lo ostenta\u00a0la francesa Jeanne Calment, fallecida en 1997,\u00a0que\u00a0vivi\u00f3 exactamente 122 a\u00f1os y 164 d\u00edas; le siguen la japonesa Kane Tanaka, que vivi\u00f3 119 a\u00f1os y 107 d\u00edas; la norteamericana Sara Knauss, con\u00a0119 a\u00f1os y 97 d\u00edas de vida, y, con\u00a0118 a\u00f1os y 340 d\u00edas,\u00a0la tambi\u00e9n francesa Lucile Randon.<\/span><\/p>\n<p><span style=\"font-size: 14pt;\">Las otras siete m\u00e1s longevas que Mar\u00eda, todas murieron a los 117 a\u00f1os, con m\u00e1s o menos d\u00edas.<\/span><\/p>\n<p><span style=\"font-size: 14pt;\">Mar\u00eda Branyas, que seg\u00fan su hija Rosa \u00abha vivido tanto porque no ha tenido ninguna enfermedad\u00bb, sobrevivi\u00f3 a la covid en 2020, con 113 a\u00f1os,\u00a0y se convirti\u00f3 en la persona mayor del mundo el 17 de enero de 2023, cuando falleci\u00f3 Lucile Randon.<\/span><\/p>\n<\/div>\n<\/article>\n","protected":false},"excerpt":{"rendered":"<p>Mar\u00eda Branyas Morera, la mujer que desde hac\u00eda un a\u00f1o era\u00a0la persona m\u00e1s anciana del mundo\u00a0y\u00a0la octava m\u00e1s longeva de<\/p>\n","protected":false},"author":4,"featured_media":44539,"comment_status":"closed","ping_status":"closed","sticky":false,"template":"","format":"standard","meta":{"colormag_page_container_layout":"default_layout","colormag_page_sidebar_layout":"default_layout","_jetpack_memberships_contains_paid_content":false,"footnotes":"","jetpack_publicize_message":"","jetpack_publicize_feature_enabled":true,"jetpack_social_post_already_shared":false,"jetpack_social_options":{"image_generator_settings":{"template":"highway","default_image_id":0,"font":"","enabled":false},"version":2}},"categories":[28],"tags":[],"class_list":["post-44538","post","type-post","status-publish","format-standard","has-post-thumbnail","hentry","category-internacional"],"jetpack_publicize_connections":[],"jetpack_featured_media_url":"https:\/\/i0.wp.com\/politicosaldesnudo.com.mx\/wp-content\/uploads\/2024\/08\/Muere-Maria-Branyas-Morera.jpg?fit=768%2C479&ssl=1","jetpack-related-posts":[],"jetpack_sharing_enabled":true,"_links":{"self":[{"href":"https:\/\/politicosaldesnudo.com.mx\/index.php\/wp-json\/wp\/v2\/posts\/44538","targetHints":{"allow":["GET"]}}],"collection":[{"href":"https:\/\/politicosaldesnudo.com.mx\/index.php\/wp-json\/wp\/v2\/posts"}],"about":[{"href":"https:\/\/politicosaldesnudo.com.mx\/index.php\/wp-json\/wp\/v2\/types\/post"}],"author":[{"embeddable":true,"href":"https:\/\/politicosaldesnudo.com.mx\/index.php\/wp-json\/wp\/v2\/users\/4"}],"replies":[{"embeddable":true,"href":"https:\/\/politicosaldesnudo.com.mx\/index.php\/wp-json\/wp\/v2\/comments?post=44538"}],"version-history":[{"count":0,"href":"https:\/\/politicosaldesnudo.com.mx\/index.php\/wp-json\/wp\/v2\/posts\/44538\/revisions"}],"wp:featuredmedia":[{"embeddable":true,"href":"https:\/\/politicosaldesnudo.com.mx\/index.php\/wp-json\/wp\/v2\/media\/44539"}],"wp:attachment":[{"href":"https:\/\/politicosaldesnudo.com.mx\/index.php\/wp-json\/wp\/v2\/media?parent=44538"}],"wp:term":[{"taxonomy":"category","embeddable":true,"href":"https:\/\/politicosaldesnudo.com.mx\/index.php\/wp-json\/wp\/v2\/categories?post=44538"},{"taxonomy":"post_tag","embeddable":true,"href":"https:\/\/politicosaldesnudo.com.mx\/index.php\/wp-json\/wp\/v2\/tags?post=44538"}],"curies":[{"name":"wp","href":"https:\/\/api.w.org\/{rel}","templated":true}]}}