{"id":44572,"date":"2024-08-21T08:14:40","date_gmt":"2024-08-21T13:14:40","guid":{"rendered":"https:\/\/politicosaldesnudo.com.mx\/?p=44572"},"modified":"2024-08-21T08:14:40","modified_gmt":"2024-08-21T13:14:40","slug":"imef-ve-riesgos-de-desaceleracion-en-el-segundo-semestre-baja-a-1-7-estimado-del-pib","status":"publish","type":"post","link":"https:\/\/politicosaldesnudo.com.mx\/index.php\/2024\/08\/21\/imef-ve-riesgos-de-desaceleracion-en-el-segundo-semestre-baja-a-1-7-estimado-del-pib\/","title":{"rendered":"IMEF ve riesgos de desaceleraci\u00f3n en el segundo semestre; baja a 1.7% estimado del PIB"},"content":{"rendered":"<p><span style=\"font-size: 14pt;\">En medio del enfriamiento de la econom\u00eda en el primer semestre del a\u00f1o, y la incertidumbre de cara a la segunda mitad, el Instituto Mexicano de Ejecutivos de Finanzas (IMEF) recort\u00f3 su estimado de crecimiento este a\u00f1o ante los riesgos de desaceleraci\u00f3n.<\/span><\/p>\n<p><span style=\"font-size: 14pt;\">En videoconferencia de prensa, Jos\u00e9 Figueroa, presidente del IMEF, indic\u00f3 que ahora prev\u00e9n que la econom\u00eda crezca 1.7% este a\u00f1o, desde el estimado previo de 2.0 por ciento.<\/span><\/p>\n<p><span style=\"font-size: 14pt;\">\u201cEn sinton\u00eda con los resultados del Indicador IMEF de hace un par de semanas, donde se indicaba que la econom\u00eda presentaba un debilitamiento a la vista, nuestra encuesta mensual refleja deterioros en distintas variables econ\u00f3micas. Destaca una desaceleraci\u00f3n de la expectativa de crecimiento para este a\u00f1o, bajando de 2% en julio a 1.7% en agosto, que coincide con el enfriamiento de la actividad econ\u00f3mica de M\u00e9xico desde finales del 2023 y en fechas recientes en Estados Unidos\u201d, se\u00f1al\u00f3.<\/span><\/p>\n<p><span style=\"font-size: 14pt;\">De esta manera, el IMEF se une a otros organismos que han pasado tijera a las estimaciones de crecimiento para M\u00e9xico, mientras que el gobierno de Andr\u00e9s Manuel L\u00f3pez Obrador mantiene su proyecci\u00f3n de 3% para este a\u00f1o.<\/span><\/p>\n<p><span style=\"font-size: 14pt;\">V\u00edctor Herrera Espinosa, presidente del Comit\u00e9 Nacional de Estudios Econ\u00f3micos del IMEF, se\u00f1al\u00f3 que de acuerdo con el Indicador IMEF, en la industria de la manufactura se observa una contracci\u00f3n, de acuerdo con los \u00faltimos datos, mientras que los servicios tienen un crecimiento moderado a consecuencia de los efectos inflacionarios que se han visto.<\/span><\/p>\n<p><span style=\"font-size: 14pt;\">\u201cSi esto contin\u00faa, y la desaceleraci\u00f3n de Estados Unidos se materializa a\u00fan m\u00e1s de lo que se est\u00e1 haciendo hoy en d\u00eda, s\u00ed podr\u00edamos tener una contracci\u00f3n del sector manufacturero en el segundo semestre del a\u00f1o, de aqu\u00ed a tranquilamente hasta diciembre\u201d, explic\u00f3.<\/span><\/p>\n<p><span style=\"font-size: 14pt;\">Para el 2025, el IMEF espera un crecimiento econ\u00f3mico de 1.5% contra 1.6% que se pronosticaba en julio.<\/span><\/p>\n<p><span style=\"font-size: 14pt;\">Se debe hacer un gran esfuerzo para bajar d\u00e9ficit<\/span><\/p>\n<p><span style=\"font-size: 14pt;\">Ante la proyecci\u00f3n de que este a\u00f1o el d\u00e9ficit p\u00fablico termine en un nivel hist\u00f3rico de 5.9% del Producto Interno Bruto (PIB), el presidente del IMEF se\u00f1al\u00f3 que el gobierno entrante debe hacer un esfuerzo importante para reducir este indicador ante las repercusiones que puede tener.<\/span><\/p>\n<p><span style=\"font-size: 14pt;\">\u201cCuando un d\u00e9ficit tan alto se repite dos a\u00f1os consecutivos, las probabilidades de perder la calificaci\u00f3n soberana se incrementan de manera importante. Por eso consideramos que se tiene que hacer un esfuerzo importante para bajarlo; sin embargo, los compromisos (de gasto) son muy fuertes y va a impedir que se pueda maniobrar de manera f\u00e1cil para reducirlo\u201d, se\u00f1al\u00f3.<\/span><\/p>\n<p><span style=\"font-size: 14pt;\">De acuerdo con los Pre Criterios Generales de Pol\u00edtica Econ\u00f3mica 2025, se espera que los Requerimientos Financieros del Sector P\u00fablico (RFSP) bajen a un nivel de 3% del PIB, lo cual ha sido cuestionado ante las grandes presiones del gasto, como pensiones y el costo de la deuda, adem\u00e1s de las necesidades existentes en rubros como salud, educaci\u00f3n y seguridad, entre otros.<\/span><\/p>\n","protected":false},"excerpt":{"rendered":"<p>En medio del enfriamiento de la econom\u00eda en el primer semestre del a\u00f1o, y la incertidumbre de cara a la<\/p>\n","protected":false},"author":4,"featured_media":44573,"comment_status":"closed","ping_status":"closed","sticky":false,"template":"","format":"standard","meta":{"colormag_page_container_layout":"default_layout","colormag_page_sidebar_layout":"default_layout","_jetpack_memberships_contains_paid_content":false,"footnotes":"","jetpack_publicize_message":"","jetpack_publicize_feature_enabled":true,"jetpack_social_post_already_shared":false,"jetpack_social_options":{"image_generator_settings":{"template":"highway","default_image_id":0,"font":"","enabled":false},"version":2}},"categories":[2050],"tags":[],"class_list":["post-44572","post","type-post","status-publish","format-standard","has-post-thumbnail","hentry","category-economia"],"jetpack_publicize_connections":[],"jetpack_featured_media_url":"https:\/\/i0.wp.com\/politicosaldesnudo.com.mx\/wp-content\/uploads\/2024\/08\/mexico_x3x.jpg_270939306.jpg?fit=1200%2C750&ssl=1","jetpack-related-posts":[],"jetpack_sharing_enabled":true,"_links":{"self":[{"href":"https:\/\/politicosaldesnudo.com.mx\/index.php\/wp-json\/wp\/v2\/posts\/44572","targetHints":{"allow":["GET"]}}],"collection":[{"href":"https:\/\/politicosaldesnudo.com.mx\/index.php\/wp-json\/wp\/v2\/posts"}],"about":[{"href":"https:\/\/politicosaldesnudo.com.mx\/index.php\/wp-json\/wp\/v2\/types\/post"}],"author":[{"embeddable":true,"href":"https:\/\/politicosaldesnudo.com.mx\/index.php\/wp-json\/wp\/v2\/users\/4"}],"replies":[{"embeddable":true,"href":"https:\/\/politicosaldesnudo.com.mx\/index.php\/wp-json\/wp\/v2\/comments?post=44572"}],"version-history":[{"count":0,"href":"https:\/\/politicosaldesnudo.com.mx\/index.php\/wp-json\/wp\/v2\/posts\/44572\/revisions"}],"wp:featuredmedia":[{"embeddable":true,"href":"https:\/\/politicosaldesnudo.com.mx\/index.php\/wp-json\/wp\/v2\/media\/44573"}],"wp:attachment":[{"href":"https:\/\/politicosaldesnudo.com.mx\/index.php\/wp-json\/wp\/v2\/media?parent=44572"}],"wp:term":[{"taxonomy":"category","embeddable":true,"href":"https:\/\/politicosaldesnudo.com.mx\/index.php\/wp-json\/wp\/v2\/categories?post=44572"},{"taxonomy":"post_tag","embeddable":true,"href":"https:\/\/politicosaldesnudo.com.mx\/index.php\/wp-json\/wp\/v2\/tags?post=44572"}],"curies":[{"name":"wp","href":"https:\/\/api.w.org\/{rel}","templated":true}]}}