{"id":44642,"date":"2024-08-22T06:18:48","date_gmt":"2024-08-22T11:18:48","guid":{"rendered":"https:\/\/politicosaldesnudo.com.mx\/?p=44642"},"modified":"2024-08-21T21:28:20","modified_gmt":"2024-08-22T02:28:20","slug":"el-boj-destaca-presion-salarial-por-cambios-en-el-mercado-laboral-2","status":"publish","type":"post","link":"https:\/\/politicosaldesnudo.com.mx\/index.php\/2024\/08\/22\/el-boj-destaca-presion-salarial-por-cambios-en-el-mercado-laboral-2\/","title":{"rendered":"El BoJ destaca presi\u00f3n salarial por cambios en el mercado laboral"},"content":{"rendered":"<div class=\"jsx-3315747106 resumeNew\">\n<p><span style=\"font-size: 14pt;\">La disminuci\u00f3n de la poblaci\u00f3n japonesa en edad de trabajar est\u00e1 provocando cambios estructurales en el mercado laboral que aumentan la presi\u00f3n sobre las empresas para que suban salarios y precios de los servicios, dijo el Banco de Jap\u00f3n (BOJ, por sus siglas en ingl\u00e9s).<\/span><\/p>\n<\/div>\n<div class=\"jsx-1764542821 newsbody\">\n<div class=\"jsx-670345696 share fixed\">\n<div class=\"jsx-670345696 \"><span style=\"font-size: 14pt;\">La disminuci\u00f3n de la poblaci\u00f3n japonesa en edad de trabajar est\u00e1 provocando cambios estructurales en el mercado laboral que aumentan la presi\u00f3n sobre las empresas para que suban salarios y precios de los servicios, dijo ayer 20 de agosto, el Banco de Jap\u00f3n (BOJ, por sus siglas en ingl\u00e9s).<\/span><\/div>\n<\/div>\n<div class=\"jsx-1764542821\">\n<div id=\"readNote\" class=\"jsx-1764542821\">\n<div class=\"jsx-537108098\">\n<p class=\"jsx-3954459878\"><span style=\"font-size: 14pt;\">La remuneraci\u00f3n de los trabajadores fijos se mantiene estancada a pesar de que la escasez de mano de obra intensific\u00f3 desde mediados de la d\u00e9cada de los 2010, a medida que las mujeres y los trabajadores de edad avanzada llenaban el vac\u00edo aceptando empleos a tiempo parcial mal pagados.<\/span><\/p>\n<p>&nbsp;<\/p>\n<\/div>\n<\/div>\n<\/div>\n<\/div>\n","protected":false},"excerpt":{"rendered":"<p>La disminuci\u00f3n de la poblaci\u00f3n japonesa en edad de trabajar est\u00e1 provocando cambios estructurales en el mercado laboral que aumentan<\/p>\n","protected":false},"author":4,"featured_media":44643,"comment_status":"closed","ping_status":"closed","sticky":false,"template":"","format":"standard","meta":{"colormag_page_container_layout":"default_layout","colormag_page_sidebar_layout":"default_layout","_jetpack_memberships_contains_paid_content":false,"footnotes":"","jetpack_publicize_message":"","jetpack_publicize_feature_enabled":true,"jetpack_social_post_already_shared":false,"jetpack_social_options":{"image_generator_settings":{"template":"highway","default_image_id":0,"font":"","enabled":false},"version":2}},"categories":[2050],"tags":[],"class_list":["post-44642","post","type-post","status-publish","format-standard","has-post-thumbnail","hentry","category-economia"],"jetpack_publicize_connections":[],"jetpack_featured_media_url":"https:\/\/i0.wp.com\/politicosaldesnudo.com.mx\/wp-content\/uploads\/2024\/08\/afp__20240319__34lu4px__v1__highres__japaneconomybankboj-2.jpg_393767599-2.jpg?fit=1200%2C799&ssl=1","jetpack-related-posts":[],"jetpack_sharing_enabled":true,"_links":{"self":[{"href":"https:\/\/politicosaldesnudo.com.mx\/index.php\/wp-json\/wp\/v2\/posts\/44642","targetHints":{"allow":["GET"]}}],"collection":[{"href":"https:\/\/politicosaldesnudo.com.mx\/index.php\/wp-json\/wp\/v2\/posts"}],"about":[{"href":"https:\/\/politicosaldesnudo.com.mx\/index.php\/wp-json\/wp\/v2\/types\/post"}],"author":[{"embeddable":true,"href":"https:\/\/politicosaldesnudo.com.mx\/index.php\/wp-json\/wp\/v2\/users\/4"}],"replies":[{"embeddable":true,"href":"https:\/\/politicosaldesnudo.com.mx\/index.php\/wp-json\/wp\/v2\/comments?post=44642"}],"version-history":[{"count":0,"href":"https:\/\/politicosaldesnudo.com.mx\/index.php\/wp-json\/wp\/v2\/posts\/44642\/revisions"}],"wp:featuredmedia":[{"embeddable":true,"href":"https:\/\/politicosaldesnudo.com.mx\/index.php\/wp-json\/wp\/v2\/media\/44643"}],"wp:attachment":[{"href":"https:\/\/politicosaldesnudo.com.mx\/index.php\/wp-json\/wp\/v2\/media?parent=44642"}],"wp:term":[{"taxonomy":"category","embeddable":true,"href":"https:\/\/politicosaldesnudo.com.mx\/index.php\/wp-json\/wp\/v2\/categories?post=44642"},{"taxonomy":"post_tag","embeddable":true,"href":"https:\/\/politicosaldesnudo.com.mx\/index.php\/wp-json\/wp\/v2\/tags?post=44642"}],"curies":[{"name":"wp","href":"https:\/\/api.w.org\/{rel}","templated":true}]}}