{"id":44645,"date":"2024-08-22T06:20:08","date_gmt":"2024-08-22T11:20:08","guid":{"rendered":"https:\/\/politicosaldesnudo.com.mx\/?p=44645"},"modified":"2024-08-21T21:30:49","modified_gmt":"2024-08-22T02:30:49","slug":"imef-ve-riesgos-de-desaceleracion-en-el-segundo-semestre-baja-a-1-7-estimado-del-pib-2","status":"publish","type":"post","link":"https:\/\/politicosaldesnudo.com.mx\/index.php\/2024\/08\/22\/imef-ve-riesgos-de-desaceleracion-en-el-segundo-semestre-baja-a-1-7-estimado-del-pib-2\/","title":{"rendered":"IMEF ve riesgos de desaceleraci\u00f3n en el segundo semestre; baja a 1.7% estimado del PIB"},"content":{"rendered":"<div>\n<p><span style=\"font-size: 14pt;\">En medio del enfriamiento de la econom\u00eda en el primer semestre del a\u00f1o, y la incertidumbre de cara a la segunda mitad, el Instituto Mexicano de Ejecutivos de Finanzas (IMEF)\u00a0recort\u00f3 su estimado de crecimiento este a\u00f1o ante los riesgos de desaceleraci\u00f3n.<\/span><\/p>\n<\/div>\n<div>\n<div>\n<div id=\"readNote\">\n<div>\n<p><span style=\"font-size: 14pt;\">En videoconferencia de prensa,\u00a0Jos\u00e9 Figueroa, presidente del IMEF, indic\u00f3 que ahora prev\u00e9n que la econom\u00eda crezca 1.7% este a\u00f1o, desde el estimado previo de 2.0 por ciento.<\/span><\/p>\n<div>\n<div id=\"script-container2\">\n<div id=\"daily-player-news\">\n<div><span style=\"font-size: 14pt;\">\u201cEn sinton\u00eda con los resultados del Indicador IMEF de hace un par de semanas, donde se indicaba que la econom\u00eda presentaba un debilitamiento a la vista, nuestra encuesta mensual refleja deterioros en distintas variables econ\u00f3micas. Destaca una desaceleraci\u00f3n de la expectativa de crecimiento para este a\u00f1o, bajando de 2% en julio a 1.7% en agosto, que coincide con el enfriamiento de la actividad econ\u00f3mica de M\u00e9xico desde finales del 2023 y en fechas recientes en Estados Unidos\u201d, se\u00f1al\u00f3.<\/span><\/div>\n<\/div>\n<\/div>\n<\/div>\n<p><span style=\"font-size: 14pt;\">De esta manera, el IMEF se une a otros organismos que han pasado tijera a las estimaciones de crecimiento para M\u00e9xico, mientras que el gobierno de\u00a0Andr\u00e9s Manuel L\u00f3pez Obrador\u00a0mantiene su proyecci\u00f3n de 3% para este a\u00f1o.<\/span><\/p>\n<\/div>\n<\/div>\n<\/div>\n<\/div>\n","protected":false},"excerpt":{"rendered":"<p>En medio del enfriamiento de la econom\u00eda en el primer semestre del a\u00f1o, y la incertidumbre de cara a la<\/p>\n","protected":false},"author":4,"featured_media":44646,"comment_status":"closed","ping_status":"closed","sticky":false,"template":"","format":"standard","meta":{"colormag_page_container_layout":"default_layout","colormag_page_sidebar_layout":"default_layout","_jetpack_memberships_contains_paid_content":false,"footnotes":"","jetpack_publicize_message":"","jetpack_publicize_feature_enabled":true,"jetpack_social_post_already_shared":false,"jetpack_social_options":{"image_generator_settings":{"template":"highway","default_image_id":0,"font":"","enabled":false},"version":2}},"categories":[2050],"tags":[],"class_list":["post-44645","post","type-post","status-publish","format-standard","has-post-thumbnail","hentry","category-economia"],"jetpack_publicize_connections":[],"jetpack_featured_media_url":"https:\/\/i0.wp.com\/politicosaldesnudo.com.mx\/wp-content\/uploads\/2024\/08\/mexico_x3x-1.jpg_270939306-1.jpg?fit=1200%2C750&ssl=1","jetpack-related-posts":[],"jetpack_sharing_enabled":true,"_links":{"self":[{"href":"https:\/\/politicosaldesnudo.com.mx\/index.php\/wp-json\/wp\/v2\/posts\/44645","targetHints":{"allow":["GET"]}}],"collection":[{"href":"https:\/\/politicosaldesnudo.com.mx\/index.php\/wp-json\/wp\/v2\/posts"}],"about":[{"href":"https:\/\/politicosaldesnudo.com.mx\/index.php\/wp-json\/wp\/v2\/types\/post"}],"author":[{"embeddable":true,"href":"https:\/\/politicosaldesnudo.com.mx\/index.php\/wp-json\/wp\/v2\/users\/4"}],"replies":[{"embeddable":true,"href":"https:\/\/politicosaldesnudo.com.mx\/index.php\/wp-json\/wp\/v2\/comments?post=44645"}],"version-history":[{"count":0,"href":"https:\/\/politicosaldesnudo.com.mx\/index.php\/wp-json\/wp\/v2\/posts\/44645\/revisions"}],"wp:featuredmedia":[{"embeddable":true,"href":"https:\/\/politicosaldesnudo.com.mx\/index.php\/wp-json\/wp\/v2\/media\/44646"}],"wp:attachment":[{"href":"https:\/\/politicosaldesnudo.com.mx\/index.php\/wp-json\/wp\/v2\/media?parent=44645"}],"wp:term":[{"taxonomy":"category","embeddable":true,"href":"https:\/\/politicosaldesnudo.com.mx\/index.php\/wp-json\/wp\/v2\/categories?post=44645"},{"taxonomy":"post_tag","embeddable":true,"href":"https:\/\/politicosaldesnudo.com.mx\/index.php\/wp-json\/wp\/v2\/tags?post=44645"}],"curies":[{"name":"wp","href":"https:\/\/api.w.org\/{rel}","templated":true}]}}