{"id":44648,"date":"2024-08-22T06:21:22","date_gmt":"2024-08-22T11:21:22","guid":{"rendered":"https:\/\/politicosaldesnudo.com.mx\/?p=44648"},"modified":"2024-08-21T21:33:30","modified_gmt":"2024-08-22T02:33:30","slug":"vuelca-camion-de-la-guardia-nacional-en-puebla-hay-un-muerto-y-24-lesionados","status":"publish","type":"post","link":"https:\/\/politicosaldesnudo.com.mx\/index.php\/2024\/08\/22\/vuelca-camion-de-la-guardia-nacional-en-puebla-hay-un-muerto-y-24-lesionados\/","title":{"rendered":"Vuelca cami\u00f3n de la Guardia Nacional en Puebla; hay un muerto y 24 lesionados"},"content":{"rendered":"<div>\n<div id=\"content-body-225-12432054\">\n<p><span style=\"font-size: 14pt;\">Un\u00a0cami\u00f3n de la\u00a0Guardia Nacional\u00a0volc\u00f3 sobre la autopista\u00a0Cuacnopalan-Oaxaca, a la altura del kil\u00f3metro 37 en el tramo Tehuac\u00e1n-Cuacnopalan, dejando un\u00a0saldo\u00a0preliminar de un muerto y 24 militares lesionados.<\/span><\/p>\n<p><span style=\"font-size: 14pt;\">El percance ocurri\u00f3 pasadas las 23:00 horas de la noche de este martes. De acuerdo con los primeros reportes,\u00a0todos los oficiales que iba a bordo resultaron heridos, adem\u00e1s de que un elemento perdi\u00f3 la vida,\u00a0mismo que fue identificado con el nombre de Alejandro N.<\/span><\/p>\n<\/div>\n<\/div>\n<div>\n<div id=\"dfp-nota-1x3s\" data-google-query-id=\"CILL0KjHh4gDFa-0pgQdlC8HNg\">\n<div id=\"google_ads_iframe_\/2000002\/la-prensa\/mexico_nota_1x3_0__container__\"><span style=\"font-size: 14pt;\">Cinco de los heridos se encuentran en estado grave, mientras que seis presentan lesiones de diversa consideraci\u00f3n y diez m\u00e1s est\u00e1n fuera de peligro.<\/span><\/div>\n<\/div>\n<\/div>\n<article>\n<div id=\"content-body-5851641-12432054\">\n<p><span style=\"font-size: 14pt;\">El gobernador de Puebla, Sergio Salom\u00f3n C\u00e9spedes Peregrina,\u00a0manifest\u00f3 sus condolencias por el lamentable suceso y\u00a0pidi\u00f3 a las instancias estatales brindar todo el apoyo necesario a los afectados,\u00a0as\u00ed como coordinar esfuerzos con la Federaci\u00f3n para\u00a0asegurar que se atiendan todas las necesidades de los involucrados.<\/span><\/p>\n<p><span style=\"font-size: 14pt;\">\u00abMis m\u00e1s sinceras condolencias a la familia del oficial ca\u00eddo, y mi solidaridad con los lesionados y sus seres queridos\u00bb, expres\u00f3 el mandatario a trav\u00e9s de su cuenta en la red social X.<\/span><\/p>\n<section>\n<div>\n<div>\n<div><span style=\"font-size: 14pt;\">Al sitio se trasladaron autoridades federales as\u00ed como el cuerpo de rescate de Caminos y Puentes Federales (CAPUFE), Cruz Roja con destacamento en Tehuac\u00e1n, Protecci\u00f3n Civil y Bomberos, Soporte de Vida, Protecci\u00f3n Civil de Chilac, CAPUFE de Acatzingo y San Jos\u00e9 Miahuatl\u00e1n,\u00a0SUMA de Chapulco y Santiago Miahuatl\u00e1n, as\u00ed como\u00a0ambulancias del Ej\u00e9rcito Mexicano.<\/span><\/div>\n<\/div>\n<\/div>\n<\/section>\n<p><span style=\"font-size: 14pt;\">Las\u00a0autoridades ya se encuentran investigando las causas del accidente,\u00a0mientras que los heridos est\u00e1n siendo atendidos en hospitales cercanos.<\/span><\/p>\n<p><span style=\"font-size: 14pt;\">Sobre los 24 heridos que fueron asistidos por los especialistas en primeros auxilios, estos fueron trasladados a diferentes nosocomios de la ciudad de Tehuac\u00e1n,\u00a0en su mayor\u00eda al Hospital General, ISSSTE y al CESSA.<\/span><\/p>\n<p><span style=\"font-size: 14pt;\">Entre los lesionados se encuentran:<\/span><\/p>\n<ul>\n<li><span style=\"font-size: 14pt;\">Erick\u00a0N., de 31 a\u00f1os de edad, vecino de Tehuac\u00e1n<\/span><\/li>\n<li><span style=\"font-size: 14pt;\">Aristeo\u00a0N., de 22 a\u00f1os, originario de Oaxaca<\/span><\/li>\n<li><span style=\"font-size: 14pt;\">Gabriela\u00a0de 24 a\u00f1os, originaria de Tlajiaco, Oaxaca<\/span><\/li>\n<li><span style=\"font-size: 14pt;\">Jairo\u00a0N., de 22 a\u00f1os, originario de Oaxaca de Ju\u00e1rez<\/span><\/li>\n<li><span style=\"font-size: 14pt;\">Oscar\u00a0N., de 28 a\u00f1os de edad<\/span><\/li>\n<li><span style=\"font-size: 14pt;\">M\u00f3nica\u00a0N., de 31 a\u00f1os, originaria de Papalotla<\/span><\/li>\n<li><span style=\"font-size: 14pt;\">Heidi\u00a0N., de 23 a\u00f1os originaria de Oaxaca de Ju\u00e1rez<\/span><\/li>\n<li><span style=\"font-size: 14pt;\">Miguel\u00a0N., de 28 a\u00f1os, originario de San Antonio Huitepec Oaxaca<\/span><\/li>\n<li><span style=\"font-size: 14pt;\">Wendy\u00a0N., de 22 a\u00f1os, originaria de Oaxaca de Ju\u00e1rez<\/span><\/li>\n<li><span style=\"font-size: 14pt;\">V\u00edctor Daniel\u00a0N., de 19 a\u00f1os, originario de Cuilapa de Guerrero<\/span><\/li>\n<li><span style=\"font-size: 14pt;\">Patricia\u00a0N., de 28 a\u00f1os, originaria de Oaxaca de Ju\u00e1rez<\/span><\/li>\n<li><span style=\"font-size: 14pt;\">Alejandro\u00a0N., 21 a\u00f1os, originario de Villa Tamasulapa Oaxaca<\/span><\/li>\n<li><span style=\"font-size: 14pt;\">Brenda\u00a0N., de 30 a\u00f1os, originaria de Oaxaca<\/span><\/li>\n<li><span style=\"font-size: 14pt;\">Monserrat\u00a0N., de 22 a\u00f1os, originaria de Oaxaca<\/span><\/li>\n<li><span style=\"font-size: 14pt;\">Iv\u00e1n\u00a0N., 27 a\u00f1os, originario de Oaxaca de Ju\u00e1rez<\/span><\/li>\n<li><span style=\"font-size: 14pt;\">Carlos\u00a0N., de 24 a\u00f1os, originario de Oaxaca de Ju\u00e1rez<\/span><\/li>\n<li><span style=\"font-size: 14pt;\">V\u00edctor\u00a0N., de 29 a\u00f1os, originario de San Miguel Etla, Oaxaca<\/span><\/li>\n<li><span style=\"font-size: 14pt;\">Jean\u00a0N., de 26 a\u00f1os, originario de Oaxaca<\/span><\/li>\n<li><span style=\"font-size: 14pt;\">Juan Alexis\u00a0N., de 26 a\u00f1os<\/span><\/li>\n<li><span style=\"font-size: 14pt;\">Faustino\u00a0N., de 24 a\u00f1os, originario de Oaxaca de Ju\u00e1rez<\/span><\/li>\n<li><span style=\"font-size: 14pt;\">X\u00f3chitl\u00a0N., de 24 a\u00f1os, originaria de Salina Cruz Oaxaca<\/span><\/li>\n<li><span style=\"font-size: 14pt;\">Yair\u00a0N.<\/span><\/li>\n<li><span style=\"font-size: 14pt;\">Yajaira\u00a0N.<\/span><\/li>\n<li><span style=\"font-size: 14pt;\">Daniel\u00a0N.<\/span><\/li>\n<\/ul>\n<\/div>\n<\/article>\n","protected":false},"excerpt":{"rendered":"<p>Un\u00a0cami\u00f3n de la\u00a0Guardia Nacional\u00a0volc\u00f3 sobre la autopista\u00a0Cuacnopalan-Oaxaca, a la altura del kil\u00f3metro 37 en el tramo Tehuac\u00e1n-Cuacnopalan, dejando un\u00a0saldo\u00a0preliminar de<\/p>\n","protected":false},"author":4,"featured_media":44649,"comment_status":"closed","ping_status":"closed","sticky":false,"template":"","format":"standard","meta":{"colormag_page_container_layout":"default_layout","colormag_page_sidebar_layout":"default_layout","_jetpack_memberships_contains_paid_content":false,"footnotes":"","jetpack_publicize_message":"","jetpack_publicize_feature_enabled":true,"jetpack_social_post_already_shared":false,"jetpack_social_options":{"image_generator_settings":{"template":"highway","default_image_id":0,"font":"","enabled":false},"version":2}},"categories":[33],"tags":[],"class_list":["post-44648","post","type-post","status-publish","format-standard","has-post-thumbnail","hentry","category-nacional"],"jetpack_publicize_connections":[],"jetpack_featured_media_url":"https:\/\/i0.wp.com\/politicosaldesnudo.com.mx\/wp-content\/uploads\/2024\/08\/Volcadura-de-camion-de-la-Guardia-Nacional-deja-un-fallecido-y-21-lesionados-en-la-autopista-Cuacnopalan-Oaxaca.jpg?fit=768%2C479&ssl=1","jetpack-related-posts":[],"jetpack_sharing_enabled":true,"_links":{"self":[{"href":"https:\/\/politicosaldesnudo.com.mx\/index.php\/wp-json\/wp\/v2\/posts\/44648","targetHints":{"allow":["GET"]}}],"collection":[{"href":"https:\/\/politicosaldesnudo.com.mx\/index.php\/wp-json\/wp\/v2\/posts"}],"about":[{"href":"https:\/\/politicosaldesnudo.com.mx\/index.php\/wp-json\/wp\/v2\/types\/post"}],"author":[{"embeddable":true,"href":"https:\/\/politicosaldesnudo.com.mx\/index.php\/wp-json\/wp\/v2\/users\/4"}],"replies":[{"embeddable":true,"href":"https:\/\/politicosaldesnudo.com.mx\/index.php\/wp-json\/wp\/v2\/comments?post=44648"}],"version-history":[{"count":0,"href":"https:\/\/politicosaldesnudo.com.mx\/index.php\/wp-json\/wp\/v2\/posts\/44648\/revisions"}],"wp:featuredmedia":[{"embeddable":true,"href":"https:\/\/politicosaldesnudo.com.mx\/index.php\/wp-json\/wp\/v2\/media\/44649"}],"wp:attachment":[{"href":"https:\/\/politicosaldesnudo.com.mx\/index.php\/wp-json\/wp\/v2\/media?parent=44648"}],"wp:term":[{"taxonomy":"category","embeddable":true,"href":"https:\/\/politicosaldesnudo.com.mx\/index.php\/wp-json\/wp\/v2\/categories?post=44648"},{"taxonomy":"post_tag","embeddable":true,"href":"https:\/\/politicosaldesnudo.com.mx\/index.php\/wp-json\/wp\/v2\/tags?post=44648"}],"curies":[{"name":"wp","href":"https:\/\/api.w.org\/{rel}","templated":true}]}}